{"id":9868,"date":"2016-05-14T09:23:08","date_gmt":"2016-05-14T09:23:08","guid":{"rendered":"http:\/\/www.thereportzone.it\/?p=9868"},"modified":"2016-05-14T09:23:08","modified_gmt":"2016-05-14T09:23:08","slug":"elezioni-carinola-si-dimette-la-giunta-carica-occhi-puntati-sui-comizi","status":"publish","type":"post","link":"https:\/\/www.thereportzone.it\/?p=9868","title":{"rendered":"ELEZIONI CARINOLA &#8211; Si dimette la giunta in carica, occhi puntati sui comizi"},"content":{"rendered":"<p><strong>14 Maggio 2016 &#8211; CARINOLA<\/strong>. L\u2019invito del sindaco Luigi De Risi ai suoi assessori di rassegnare le dimissioni \u00e8 stato accolto. L\u2019ordinaria amministrazione sar\u00e0 portata avanti fino al 5 giugno dal primo cittadino. L\u2019attenzione \u00e8 concentrata pi\u00f9 che mai sui comizi di presentazione delle liste. Quella dei cinque stelle \u00e8 gi\u00e0 stata presentata a Nocelleto oggi sar\u00e0 la volta della frazione di Casale.<br \/>\nE si potr\u00e0 constatare gi\u00e0 quale sar\u00e0 quello di maggiore \u201cappeale\u201d visto che quasi contemporaneamente Antonio Russo presenter\u00e0 al sua squadra nella Piazza Castello. Una prima sfida importante per constatare come si potrebbero schierare gli elettori? \u00c8 un interrogativo al quale potr\u00e0 essere risposto tra qualche ora. Certo sar\u00e0 complicato fare un raffronto anche alla luce del fatto che c\u2019\u00e8 in corso la festa di Casanova.<br \/>\nBisogner\u00e0 tenere debitamente conto di questo aspetto. Non a caso forse la scelta di \u201cCarinola Rinasce\u201d di svolgere il loro debutto mercoled\u00ec \u00e8 stato fatto anche per questa ragione. Franco Di Biasio potr\u00e0 contare sull\u2019appoggio morale e materiale dei vertici del partito democratico. Il recente incontro con il governatore Vincenzo De Luca ne \u00e8 la prova lampante. Si \u00e8 parlato d\u2019altronde di un tema che interessa molto da vicino Carinola, ovvero l\u2019agricoltura. Ed \u00e8 questo un primo passo importante per dimostrare la vicinanza dei maggiori rappresenti territoriali e fare eventualmente qualcosa di concreto per tutta la popolazione. (<strong>di GI. Esse.<\/strong>)<\/p>\n","protected":false},"excerpt":{"rendered":"<p>14 Maggio 2016 &#8211; CARINOLA. L\u2019invito del sindaco Luigi De Risi ai suoi assessori di rassegnare le dimissioni<\/p>\n","protected":false},"author":2,"featured_media":7186,"comment_status":"closed","ping_status":"closed","sticky":false,"template":"","format":"standard","meta":{"sfsi_plus_gutenberg_text_before_share":"","sfsi_plus_gutenberg_show_text_before_share":"","sfsi_plus_gutenberg_icon_type":"","sfsi_plus_gutenberg_icon_alignemt":"","sfsi_plus_gutenburg_max_per_row":"","footnotes":""},"categories":[2973,3151,9],"tags":[],"class_list":["post-9868","post","type-post","status-publish","format-standard","has-post-thumbnail","hentry","category-carinola","category-elezioni-comunali-a-carinola","category-politica"],"_links":{"self":[{"href":"https:\/\/www.thereportzone.it\/index.php?rest_route=\/wp\/v2\/posts\/9868"}],"collection":[{"href":"https:\/\/www.thereportzone.it\/index.php?rest_route=\/wp\/v2\/posts"}],"about":[{"href":"https:\/\/www.thereportzone.it\/index.php?rest_route=\/wp\/v2\/types\/post"}],"author":[{"embeddable":true,"href":"https:\/\/www.thereportzone.it\/index.php?rest_route=\/wp\/v2\/users\/2"}],"replies":[{"embeddable":true,"href":"https:\/\/www.thereportzone.it\/index.php?rest_route=%2Fwp%2Fv2%2Fcomments&post=9868"}],"version-history":[{"count":0,"href":"https:\/\/www.thereportzone.it\/index.php?rest_route=\/wp\/v2\/posts\/9868\/revisions"}],"wp:featuredmedia":[{"embeddable":true,"href":"https:\/\/www.thereportzone.it\/index.php?rest_route=\/"}],"wp:attachment":[{"href":"https:\/\/www.thereportzone.it\/index.php?rest_route=%2Fwp%2Fv2%2Fmedia&parent=9868"}],"wp:term":[{"taxonomy":"category","embeddable":true,"href":"https:\/\/www.thereportzone.it\/index.php?rest_route=%2Fwp%2Fv2%2Fcategories&post=9868"},{"taxonomy":"post_tag","embeddable":true,"href":"https:\/\/www.thereportzone.it\/index.php?rest_route=%2Fwp%2Fv2%2Ftags&post=9868"}],"curies":[{"name":"wp","href":"https:\/\/api.w.org\/{rel}","templated":true}]}}