{"id":9866,"date":"2016-05-14T09:19:51","date_gmt":"2016-05-14T09:19:51","guid":{"rendered":"http:\/\/www.thereportzone.it\/?p=9866"},"modified":"2016-05-14T09:19:51","modified_gmt":"2016-05-14T09:19:51","slug":"elezioni-carinola-fifa-arena-forum-segnalazioni-2","status":"publish","type":"post","link":"https:\/\/www.thereportzone.it\/?p=9866","title":{"rendered":"ELEZIONI CARINOLA &#8211; Fifa &#038; Arena (Forum e Segnalazioni)"},"content":{"rendered":"<p><strong>14 Maggio 2016 &#8211; CARINOLA<\/strong><em>. Pasquale Francesco Galdieri una ne pensa e cento ne sbaglia.\u00a0 Sentite questa.\u00a0 A pochi giorni dal termine ultimo per la presentazione delle liste, avrebbe fatto chiamare Sergio La Vecchia dal Presidente della Provincia, Angelo Di Costanzo, di Centrodestra, per convincerlo a candidarsi con Franco Di Biasio.\u00a0 La Vecchia, decano della ex AN, con cortesia declina l&#8217;invito e fa presente che per lui il richiamo della casacca ha ancora un valore. Sentite per\u00f2 anche quest&#8217;altra.\u00a0 Avete a mente\u00a0 i due gemelli pi\u00f9 famosi ed effervescenti\u00a0 dell&#8217;Ager Falernus ? Quelli noti al grande pubblico per essersi guadagnati i galloni\u00a0 sul campo di battaglia nel corso di una ventennale, talvolta reboante,\u00a0 militanza sempre nella ex AN? Bene Galdieri, nella speranza di ottenerne un sostegno elettorale, avrebbe fatto chiamare anche loro.\u00a0 Questa volta da un esponente di Centrosinistra, segnatamente il Consigliere regionale Giovanni Zannini da Mondragone. Anche in questo caso, per\u00f2, l&#8217;efficacia dell&#8217;azione si prospetta opposta\u00a0 ai desideri dell&#8217;Agronomo nocelletese. Vien da chiedere: ma come mai Galdieri riesce ad essere cos\u00ec tralice, al punto da\u00a0 azionare meccanismi tanto a destra, quanto a sinistra ? Mistero.\u00a0 <\/em><br \/>\n<em>Una chiave di lettura del fenomeno per\u00f2 la si pu\u00f2 tentare. Quella che ci restituisce un dato per cui l&#8217;appartenenza, l&#8217;identit\u00e0 politica, l&#8217;amore verso un ideale e il riconoscersi in\u00a0 un quadro di valori, per Galdieri sono pinzellacchere superabilissime, perch\u00e9 no con la telefonata di un &#8220;potente&#8221;.\u00a0 Noi per\u00f2 continuiamo a dubitare che questa sia la strada giusta per raggiungere la meta della buona politica cui, Galdieri, stando a quanto posta sul suo profilo Facebook, anela senza risparmio di forze.\u00a0 E a giudicare i suoi comportamenti ci spieghiamo anche perch\u00e9 sulla sua carta d&#8217;identit\u00e0 politica, alla voce &#8220;segni particolari &#8220;, ci risulti uno\u00a0 score di insuccessi che manco Pierino in\u00a0 versione pugile.<\/em><br \/>\n<em> Non eletto alla carica di Consigliere comunale\u00a0 nel 2008, non eletto alla carica di Consigliere provinciale nel 2010, non eletto Sindaco nel 2011. E ci sorprende, infine, che pur perdendo non abbia imparato a padroneggiare la nobile arte dell&#8217;opposizione che \u00e8 degna di essere tale,\u00a0 quando \u00e8 suffragata\u00a0 da una scelta di campo netta, inequivoca. Troppo comodo stare un po&#8217;di qua e un po&#8217; di l\u00e0.\u00a0 Fuor di metafora, col Centrodestra in Provincia (Di Costanzo) e col Centrosinistra in Regione\u00a0 (Zannini ). Si dira&#8217;, ma \u00e8 solo amicizia. &#8230; La buona politica pu\u00f2 attendere. (<strong>di Tot\u00f2 Inclemente<\/strong>)<\/em><\/p>\n","protected":false},"excerpt":{"rendered":"<p>14 Maggio 2016 &#8211; CARINOLA. Pasquale Francesco Galdieri una ne pensa e cento ne sbaglia.\u00a0 Sentite questa.\u00a0 A<\/p>\n","protected":false},"author":2,"featured_media":9750,"comment_status":"closed","ping_status":"closed","sticky":false,"template":"","format":"standard","meta":{"sfsi_plus_gutenberg_text_before_share":"","sfsi_plus_gutenberg_show_text_before_share":"","sfsi_plus_gutenberg_icon_type":"","sfsi_plus_gutenberg_icon_alignemt":"","sfsi_plus_gutenburg_max_per_row":"","footnotes":""},"categories":[2973,3151],"tags":[],"class_list":["post-9866","post","type-post","status-publish","format-standard","has-post-thumbnail","hentry","category-carinola","category-elezioni-comunali-a-carinola"],"_links":{"self":[{"href":"https:\/\/www.thereportzone.it\/index.php?rest_route=\/wp\/v2\/posts\/9866"}],"collection":[{"href":"https:\/\/www.thereportzone.it\/index.php?rest_route=\/wp\/v2\/posts"}],"about":[{"href":"https:\/\/www.thereportzone.it\/index.php?rest_route=\/wp\/v2\/types\/post"}],"author":[{"embeddable":true,"href":"https:\/\/www.thereportzone.it\/index.php?rest_route=\/wp\/v2\/users\/2"}],"replies":[{"embeddable":true,"href":"https:\/\/www.thereportzone.it\/index.php?rest_route=%2Fwp%2Fv2%2Fcomments&post=9866"}],"version-history":[{"count":0,"href":"https:\/\/www.thereportzone.it\/index.php?rest_route=\/wp\/v2\/posts\/9866\/revisions"}],"wp:featuredmedia":[{"embeddable":true,"href":"https:\/\/www.thereportzone.it\/index.php?rest_route=\/"}],"wp:attachment":[{"href":"https:\/\/www.thereportzone.it\/index.php?rest_route=%2Fwp%2Fv2%2Fmedia&parent=9866"}],"wp:term":[{"taxonomy":"category","embeddable":true,"href":"https:\/\/www.thereportzone.it\/index.php?rest_route=%2Fwp%2Fv2%2Fcategories&post=9866"},{"taxonomy":"post_tag","embeddable":true,"href":"https:\/\/www.thereportzone.it\/index.php?rest_route=%2Fwp%2Fv2%2Ftags&post=9866"}],"curies":[{"name":"wp","href":"https:\/\/api.w.org\/{rel}","templated":true}]}}