{"id":9836,"date":"2016-05-13T14:38:43","date_gmt":"2016-05-13T14:38:43","guid":{"rendered":"http:\/\/www.thereportzone.it\/?p=9836"},"modified":"2016-05-13T14:38:43","modified_gmt":"2016-05-13T14:38:43","slug":"elezioni-carinola-carinola-programma","status":"publish","type":"post","link":"https:\/\/www.thereportzone.it\/?p=9836","title":{"rendered":"ELEZIONI CARINOLA &#8211; &#8220;SIAMO CARINOLA&#8221;: ecco il programma"},"content":{"rendered":"<p><strong>13 Maggio 2016 &#8211; CARINOLA.<\/strong> <em>Qui di seguito il programma elettorale della Lista Siamo Carinola, con <strong>Antonio Russo<\/strong> sindaco:<\/em><br \/>\n<strong><em>PROGRAMMA ELETTORALE &#8211;\u00a0<\/em><\/strong><strong><em>S\u00ecAMO CARINOLA<\/em><\/strong><br \/>\n<em>L\u2019obiettivo della lista \u201c<strong>S\u00ecamo Carinola<\/strong>\u201d \u00e8 quello di promuovere lo sviluppo e di migliorare la qualit\u00e0 di vita dei suoi cittadini, rivolgendosi a tutti coloro che hanno a cuore il benessere della nostra terra.<\/em><br \/>\n<em>Il nostro programma elettorale nasce dall\u2019esperienza di chi, da anni partecipa attivamente alla politica, ne osserva le esigenze e ne interpreta i bisogni, in sintesi con giovani e societ\u00e0 civile.<\/em><br \/>\n<em>L\u2019amministrazione locale lavorer\u00e0 per promuovere percorsi di sviluppo sostenibile e dare risposte ai bisogni dei cittadini, interagendo con le varie realt\u00e0 del lavoro, dell\u2019istruzione, della cultura, del volontariato, al fine di disegnare insieme nuovi e pi\u00f9 concreti scenari di crescita.<\/em><br \/>\n<strong>POLITICHE SOCIALI:\u00a0<\/strong><br \/>\nSalute e Lavoro sono diritti primari che vanno garantiti a tutti i cittadini. Qualit\u00e0 della vita, attenzione alle disabilit\u00e0, riduzione del disagio personale e familiare, semplificazione dell\u2019inserimento nel mondo del lavoro, sono gli obiettivi di cui la lista \u201cSiamo Carinola\u201d si far\u00e0 promotrice:<br \/>\nIstituzione di \u201c<strong><em>Borse Lavoro\/Progetti di Inclusione Sociale<\/em><\/strong>\u201d per agevolare l\u2019inserimento lavorativo, ridurre il disagio economico-ambientale, in un\u2019ottica di contrasto alla povert\u00e0, diminuendo al minimo il mero assistenzialismo attuato attraverso i cosiddetti \u201ccontributi economici diretti\u201d.<br \/>\n<strong><em>Accordo Territoriale di Genere<\/em><\/strong>, per favorire la conciliazione dei tempi di vita e di lavoro, per migliorare l\u2019inserimento e la condizione femminile nel mercato.<br \/>\nNascita di un <strong><em>Centro Polifunzionale diurno<\/em><\/strong> che offra assistenza ai disabili attraverso attivit\u00e0 ludico-ricreative, manuali, che favoriscano lo sviluppo dell\u2019autonomia personale sociale ed affettiva, attraverso specifici laboratori ed attivit\u00e0 di socializzazione. Contemporaneamente, promuovere, nelle ore serali corsi di formazione professionale, con l\u2019attivazione della scuola dei \u201cMestieri Sociali\u201d per facilitare l\u2019inserimento giovanile nel mercato del lavoro.<br \/>\nImplementazione dell\u2019<strong><em>Integrazione scolastica<\/em><\/strong>, per ottenere la piena inclusione degli alunni con disabilit\u00e0, da realizzare attraverso prestazioni specialistiche che potenzino l\u2019Equipe impegnata nel raggiungimento di Piani educativi Individualizzati, valorizzando le professionalit\u00e0 interne e le risorse offerte dal territorio.<br \/>\nCreazione di un servizio adeguato ed efficiente per la <strong><em>Mobilit\u00e0 assistita <\/em><\/strong>agli anziani, i diversamente abili e le fasce deboli, garantendo trasporti gratuiti presso strutture sanitarie, uffici pubblici ecc. da attivare mediante la stipula di convenzioni con Enti abilitati.<br \/>\n<strong>AMBIENTE E TERRITORIO:<\/strong><br \/>\nLa scelta della lista \u201cSiamo Carinola\u201d \u00e8 orientata ad una Carinola Smart, sempre pi\u00f9 sensibile alle necessit\u00e0 di tutela dell\u2019ambiente e ad uno sviluppo green e sostenibile, promuovendo la trasformazione in una citt\u00e0 virtuosa che punti su energie rinnovabili e minore produzione di rifiuti.<br \/>\nRilancio della raccolta differenziata con l\u2019obiettivo di raggiungere le percentuali indicate e previste dalla normativa europea e nazionale:<br \/>\nRiduzione delle frazioni non valorizzabili dei rifiuti.<br \/>\nUn adeguato monitoraggio del servizio di raccolta dei rifiuti, con calendarizzazione adatta alle esigenze del territorio.<br \/>\nEducazione ambientale nelle scuole, iniziative pubbliche e giornate tematiche sull\u2019 importanza della corretta raccolta e del recupero e riciclo dei materiali.<br \/>\nInstallazione di ecocompattatori per raccolta di qualit\u00e0 delle bottiglie in pet presso in ogni frazione del territorio comunale.<br \/>\nInstallazione di una casetta dell\u2019acqua, distributore che eroga acqua fresca, liscia o frizzante, depurata e microfiltrata. In questo modo sar\u00e0 consentito il risparmio per le famiglie, la riduzione dei rifiuti e dunque dei costi di smaltimento, ma anche la riduzione delle emissioni di anidride carbonica in atmosfera, dunque una riduzione dell\u2019inquinamento, legata al trasporto su tir e alla produzione della materia prima vergine.<br \/>\nRealizzazione isola ecologica, area attrezzata per la raccolta differenziata dei rifiuti. I cittadini potranno conferirvi i rifiuti non smaltiti attraverso il normale sistema di raccolta. Dai materiali ingombranti agli imballaggi di plastica, dal vetro al metallo, i cittadini potranno usufruire dello spazio, che sar\u00e0 gestito secondo modalit\u00e0 di premialit\u00e0;<br \/>\nProgetti per sostenere la riduzione della frazione umida dei rifiuti, favorendo l\u2019utilizzo delle compostiere e attuando corsi ed iniziative per limitare gli sprechi alimentari e la quantit\u00e0 di rifiuti prodotti;<br \/>\n<strong>CULTURA E TURISMO:<\/strong><br \/>\nLa cultura rappresenta il principale strumento di crescita morale e sociale di un territorio e SiAmo Carinola punta a far scoprire il territorio comunale in tutto il suo splendore storico ed artistico. Per un concreto progetto di sviluppo, \u00e8 richiesta la partecipazione di ogni cittadino, a partire da un pi\u00f9 radicato senso di appartenenza alla comunit\u00e0.<br \/>\nRealizzazione di un sito internet che illustri le potenzialit\u00e0 del territorio dal punto di vista culturale, turistico ed enogastronomico, con possibilit\u00e0 di organizzare visite in aziende locali, prevedendo anche esperienze di vita nei campi e presentazione della cucina locale;<br \/>\nPubblicit\u00e0 sui vari siti istituzionali e accordi con tour operator italiani e stranieri<br \/>\nServizio di un pullman-navetta con guida, da destinare anche ai turisti dei vicini luoghi balneari da inserire in percorsi alternativi di turismo, lontani da quelli convenzionali, ma non per questo meno affascinanti;<br \/>\nOrganizzazione di visite guidate alle bellezze artistiche, storiche e religiose del territorio, che prevedano anche intersezioni con i territori limitrofi, in convenzione con le varie diocesi per il turismo religioso e con gli istituti scolastici per i viaggi d\u2019istruzione;<br \/>\nRealizzazione di zone \u201cSIAE free,\u201d attuabili con una convezione Comune\/SIAE per permettere agli artisti di esibirsi liberamente e incoraggiare l&#8217;attivit\u00e0 musicale e lo spirito creativo del territorio.<br \/>\nSupporto alle associazioni culturali attive sul territorio e creazione di una Banca del Tempo, con la messa a disposizione di locali comunali, risorse hardware e software per facilitare gli scambi intergenerazionale e interculturali ed organizzare momenti e spazi di incontro e di comunicazione.<br \/>\n<strong>UNA CITTA\u2019 MODERNA:<\/strong><br \/>\n<strong>Isole Digitali:\u00a0<\/strong>Consapevole dell\u2019importanza della comunicazione e dell\u2019innovazione tecnologica nelle nuove forme di condivisione e partecipazione sociale, la coalizione \u201cSiamo Carinola\u201d realizzer\u00e0 le Isole digitali, mediante l\u2019installazione di colonnine con accesso gratuito alla rete Wi-Fi e predisposte per la ricarica elettrica di apparati privati (Pc e Smartphone).<br \/>\n<strong>SPORT:<\/strong><br \/>\nLo sport \u00e8 lo strumento pi\u00f9 importante di aggregazione, crescita e socializzazione dei giovani.\u00a0 Grazie alle possibilit\u00e0 offerte dal \u201cProject Financing\u201d e\/o attraverso finanziamenti europei, regionali e statali,\u00a0 si lavorer\u00e0 per garantire maggiori investimenti economici destinati all\u2019impiantistica sportiva. Il coinvolgimento di soggetti privati nella realizzazione, gestione e copertura dei costi di opere pubbliche consente all\u2019amministrazione un impegno finanziario tendente allo zero:<br \/>\nRealizzazione di Impianti Sportivi comunali \u2013\u00a0 Campetto di Beach\u00a0\u00a0\u00a0 Volley; Campo Calcetto<br \/>\nSostegno alle associazioni sportive presenti sul territorio<br \/>\nManutenzione strutture sportive esistenti<br \/>\n<strong>TRASPARENZA E LEGALITA\u2019:<\/strong><br \/>\nLa pubblica amministrazione deve esercitare i propri poteri come diretta applicazione del principio di legalit\u00e0 amministrativa e questi, devono essere finalizzati esclusivamente alla realizzazione dell&#8217;interesse pubblico. Essi vanno correlati ai criteri dell&#8217;efficacia, dell\u2019efficienza, dell\u2019economicit\u00e0 e del rispetto del principio del buon andamento e devono rimanere distinti dagli indirizzi politici. La traduzione dei programmi in fatti concreti passa attraverso il funzionamento della macchina amministrativa<br \/>\nRiorganizzazione funzionale della macchina comunale per ottenere una semplificazione della burocrazia<br \/>\nPromozione di un sistema di rilevazione della soddisfazione dei cittadini rispetto ai servizi comunali che, attraverso una piattaforma informatica potranno segnalare i problemi del territorio comunale, le criticit\u00e0, danni e\/o guasti alle infrastrutture di rete, ecc; la piattaforma consentir\u00e0 altres\u00ec di fornire in tempo reale tutte le informazioni che riguardano la cittadinanza e a raccogliere eventuali suggerimenti utili al miglioramento dei servizi;<br \/>\nInformazione ai cittadini attraverso il continuo aggiornamento del sito istituzionale del Comune e mediante una newsletter contenenti i dettagli delle attivit\u00e0 amministrative<br \/>\n<strong>AGRICOLTURA:<\/strong><br \/>\nIl settore agricolo del nostro Comune \u00e8 collocato in un\u2019area di produzione di elevata qualit\u00e0 con prodotti di pregio tutelati da marchi D.O.C., D.O.P. e I.G.P. e molteplici specie di fruttiferi e ortaggi alla base della nostra economia. Negli ultimi anni, purtroppo, anche il settore agricolo vive una profonda crisi e pertanto si rendono necessari nuovi stimoli per le imprese e gli agricoltori del territorio.<br \/>\nOrganizzazione di convegni formativi coinvolgendo Universit\u00e0, Regione, Centri di ricerca pubblici e privati, Associazioni di categoria, Consorzi, Organizzazioni di produttori e tutti gli altri soggetti che interagiscono con il settore agricolo, al fine di aumentare le conoscenze e le competenze delle imprese,favorendo forme di sostegno comunitario (ad esempio PAC e il PSR), la produzione di nuove colture, l\u2019adozione di strumenti tecnologici nei processi di coltivazione e per l\u2019allevamento, l\u2019incentivazione dell\u2019associazionismo con l\u2019obiettivo di avvicinare sempre pi\u00f9 giovani al mondo agricolo.<br \/>\nPromozione delle varie forme di agricoltura sostenibile con particolare attenzione all\u2019agricoltura biologica, integrata, ed alla coltivazione di variet\u00e0 autoctone, ricorrendo anche ai vari incentivi messi a disposizione dalla Regione e dall\u2019Europa;<br \/>\nRiduzione delle imposte comunali per le Aziende Agricole e i Consorzi che si occupano della gestione e della manutenzione di beni pubblici (piazze, strade);<br \/>\nAttuazione di un politica di marketing territoriale, che possa favorire visite guidate alle aree agricole e destinate agli allevamenti, nonch\u00e9 alle numerose cantine presenti sul territorio (<em>Ager Falerum)<\/em>;<br \/>\nNascita di un comitato promotore \u201c<strong><em>Agri Carinola<\/em><\/strong>\u201c, che promuova le varie filiere, cogliendo le opportunit\u00e0 offerte dai marchi di tutela D.O.C., D.O.P. e I.G.P.<\/p>\n","protected":false},"excerpt":{"rendered":"<p>13 Maggio 2016 &#8211; CARINOLA. Qui di seguito il programma elettorale della Lista Siamo Carinola, con Antonio Russo<\/p>\n","protected":false},"author":2,"featured_media":9515,"comment_status":"closed","ping_status":"closed","sticky":false,"template":"","format":"standard","meta":{"sfsi_plus_gutenberg_text_before_share":"","sfsi_plus_gutenberg_show_text_before_share":"","sfsi_plus_gutenberg_icon_type":"","sfsi_plus_gutenberg_icon_alignemt":"","sfsi_plus_gutenburg_max_per_row":"","footnotes":""},"categories":[2973,3151,9],"tags":[4357,4615],"class_list":["post-9836","post","type-post","status-publish","format-standard","has-post-thumbnail","hentry","category-carinola","category-elezioni-comunali-a-carinola","category-politica","tag-elezioni-carinola","tag-elezioni-comunali"],"_links":{"self":[{"href":"https:\/\/www.thereportzone.it\/index.php?rest_route=\/wp\/v2\/posts\/9836"}],"collection":[{"href":"https:\/\/www.thereportzone.it\/index.php?rest_route=\/wp\/v2\/posts"}],"about":[{"href":"https:\/\/www.thereportzone.it\/index.php?rest_route=\/wp\/v2\/types\/post"}],"author":[{"embeddable":true,"href":"https:\/\/www.thereportzone.it\/index.php?rest_route=\/wp\/v2\/users\/2"}],"replies":[{"embeddable":true,"href":"https:\/\/www.thereportzone.it\/index.php?rest_route=%2Fwp%2Fv2%2Fcomments&post=9836"}],"version-history":[{"count":0,"href":"https:\/\/www.thereportzone.it\/index.php?rest_route=\/wp\/v2\/posts\/9836\/revisions"}],"wp:featuredmedia":[{"embeddable":true,"href":"https:\/\/www.thereportzone.it\/index.php?rest_route=\/"}],"wp:attachment":[{"href":"https:\/\/www.thereportzone.it\/index.php?rest_route=%2Fwp%2Fv2%2Fmedia&parent=9836"}],"wp:term":[{"taxonomy":"category","embeddable":true,"href":"https:\/\/www.thereportzone.it\/index.php?rest_route=%2Fwp%2Fv2%2Fcategories&post=9836"},{"taxonomy":"post_tag","embeddable":true,"href":"https:\/\/www.thereportzone.it\/index.php?rest_route=%2Fwp%2Fv2%2Ftags&post=9836"}],"curies":[{"name":"wp","href":"https:\/\/api.w.org\/{rel}","templated":true}]}}