{"id":9763,"date":"2016-05-12T12:57:25","date_gmt":"2016-05-12T12:57:25","guid":{"rendered":"http:\/\/www.thereportzone.it\/?p=9763"},"modified":"2016-05-12T12:57:25","modified_gmt":"2016-05-12T12:57:25","slug":"elezioni-carinola-verso-voto-si-infiamma-la-contesa-elettorale","status":"publish","type":"post","link":"https:\/\/www.thereportzone.it\/?p=9763","title":{"rendered":"ELEZIONI CARINOLA &#8211; Verso il voto: si infiamma la contesa elettorale"},"content":{"rendered":"<p><strong>12 Maggio 2016 &#8211; CARINOLA.<\/strong> Domenica alle ore 18.00 ci sar\u00e0 in piazza Castello la presentazione della lista guidata dal candidato sindaco Antonio Russo. Questo quanto si \u00e8 appreso nella mattinata di oggi. Non sar\u00e0 un vero e proprio comizio ma ogni singolo protagonista potr\u00e0 quindi presentarsi agli elettori facendosi conoscere. Il riferimento \u00e8 chiaramente per chi si presenta la prima volta al cospetto degli elettori.<br \/>\nNel caso della coalizione di Antonio Russo come debuttanti ci sono Pina Capriglione, Nicola Nave e Olindo Zannini. Per quanto concerne la prima uscita della lista \u201cCarinola Rinasce\u201d guidata da Franco Di Biasio il debutto ci sar\u00e0 mercoled\u00ec prossimo in serata nella frazione di Nocelleto. Anche qui ci sono delle novit\u00e0 assolute: Giuseppina Tuozzi, Franco Mancini e Enrica Di Lorenzo.<br \/>\nI cinque stelle hanno gi\u00e0 avuto modo di farsi conoscere con un primo step domenica scorsa a Nocelleto. Gi\u00e0 e noto che sono tutti alla prima esperienza. Ad infiammare la contesa c\u2019\u00e8 stata nelle ultime 24 ore la polemica sul sorteggio degli scrutatori. Il tutto \u00e8 stato gi\u00e0 ampiamente specificato nei vari comunicati diramati nella giornata di ieri. Ma il tutto lascia intendere di quello che pu\u00f2 essere il clima che si respira in attesa dell\u2019esito elettorale del prossimo 5 giugno. Intanto per la cronaca dopo le gi\u00e0 citate vicissitudini per il sorteggio dei 42 scrutatori ecco qui di seguito l\u2019elenco completo. Compreso quello del seggio speciale.<br \/>\nSezione 1\u00a0:<strong> Caterina La Torre;\u00a0Ferdinando\u00a0 Perna;\u00a0Giuseppe Marrese; Concetta Manni.<\/strong> Sezione 2: <strong>Monica Loffredo; Maria Rita Oria; Giovanni Falso; Giovanni Di Nardo<\/strong>\u00a0.Sezione 3:\u00a0 <strong>Nicola Di Guida\u00a0; Ciro Ammendola; Teresa Di Donato; Veronica Serao.<\/strong> Sezione 4: <strong>Linda Lepore; Antonella Iannotta; Mariella\u00a0 Imparato; \u00a0Agostino\u00a0 La Torre<\/strong>\u00a0Sezione 5: <strong>Valentino Lepore\u00a0; Nunzia Buono; Renato Zarrillo; Gennaro Ricciardi<\/strong>.Sezione 6: \u00a0<strong>Filomena Vargas; Angela Buono; Maria Vellone; Antonietta Giramma<\/strong>. Sezione 7: <strong>Rosaria Tramunti; \u00a0Anna Dalia; Maria D\u2019angelo; Francesca Rita Bosco. S<\/strong>ezione 8: <strong>Stella Donatiello\u00a0; Marianna Zarrillo; Raffaella\u00a0 Mottola; Maria\u00a0\u00a0 \u00a0Liestal Dalia.<\/strong> Sezione 9: <strong>Mattia Stoto; Rosaria Russo\u00a0\u00a0; \u00a0Raffaele\u00a0 Delle Donne; Francesca<\/strong>\u00a0<strong> Giramma<\/strong>. Sezione 10: <strong>Stefania Di Donato; Cecilia Di Gennaro; Emanuele Rosario Della Rocca; Lucia<\/strong>.<strong>Trombetta <\/strong>Seggio speciale:<strong> Giuseppina Leggiero\u00a0; Matteo La Canfora. (<\/strong>Articolo a cura di<strong>\u00a0<\/strong><strong><em>GI.Esse)<\/em><\/strong><\/p>\n","protected":false},"excerpt":{"rendered":"<p>12 Maggio 2016 &#8211; CARINOLA. Domenica alle ore 18.00 ci sar\u00e0 in piazza Castello la presentazione della lista<\/p>\n","protected":false},"author":2,"featured_media":2940,"comment_status":"closed","ping_status":"closed","sticky":false,"template":"","format":"standard","meta":{"sfsi_plus_gutenberg_text_before_share":"","sfsi_plus_gutenberg_show_text_before_share":"","sfsi_plus_gutenberg_icon_type":"","sfsi_plus_gutenberg_icon_alignemt":"","sfsi_plus_gutenburg_max_per_row":"","footnotes":""},"categories":[2973,3151,9],"tags":[4632,4482,4357,4630,4585],"class_list":["post-9763","post","type-post","status-publish","format-standard","has-post-thumbnail","hentry","category-carinola","category-elezioni-comunali-a-carinola","category-politica","tag-antonio-russo","tag-elezioni-a-carinola","tag-elezioni-carinola","tag-franco-di-biasio","tag-massimo-grimaldi"],"_links":{"self":[{"href":"https:\/\/www.thereportzone.it\/index.php?rest_route=\/wp\/v2\/posts\/9763"}],"collection":[{"href":"https:\/\/www.thereportzone.it\/index.php?rest_route=\/wp\/v2\/posts"}],"about":[{"href":"https:\/\/www.thereportzone.it\/index.php?rest_route=\/wp\/v2\/types\/post"}],"author":[{"embeddable":true,"href":"https:\/\/www.thereportzone.it\/index.php?rest_route=\/wp\/v2\/users\/2"}],"replies":[{"embeddable":true,"href":"https:\/\/www.thereportzone.it\/index.php?rest_route=%2Fwp%2Fv2%2Fcomments&post=9763"}],"version-history":[{"count":0,"href":"https:\/\/www.thereportzone.it\/index.php?rest_route=\/wp\/v2\/posts\/9763\/revisions"}],"wp:featuredmedia":[{"embeddable":true,"href":"https:\/\/www.thereportzone.it\/index.php?rest_route=\/"}],"wp:attachment":[{"href":"https:\/\/www.thereportzone.it\/index.php?rest_route=%2Fwp%2Fv2%2Fmedia&parent=9763"}],"wp:term":[{"taxonomy":"category","embeddable":true,"href":"https:\/\/www.thereportzone.it\/index.php?rest_route=%2Fwp%2Fv2%2Fcategories&post=9763"},{"taxonomy":"post_tag","embeddable":true,"href":"https:\/\/www.thereportzone.it\/index.php?rest_route=%2Fwp%2Fv2%2Ftags&post=9763"}],"curies":[{"name":"wp","href":"https:\/\/api.w.org\/{rel}","templated":true}]}}