{"id":9724,"date":"2016-05-11T17:38:33","date_gmt":"2016-05-11T17:38:33","guid":{"rendered":"http:\/\/www.thereportzone.it\/?p=9724"},"modified":"2016-05-11T17:38:33","modified_gmt":"2016-05-11T17:38:33","slug":"elezioni-carinola-intervista-rino-cresce-carinola-rinasce","status":"publish","type":"post","link":"https:\/\/www.thereportzone.it\/?p=9724","title":{"rendered":"ELEZIONI CARINOLA &#8211; Intervista a Rino di Cresce con &#8220;Carinola Rinasce&#8221;"},"content":{"rendered":"<p><strong>11 Maggio 2016 &#8211; CARINOLA<\/strong>. Carinola verso il voto. Stiamo cercando di incontrare i candidati dei diversi schieramenti politici che si affronteranno nella tornata elettorale del prossimo 5 giugno 2016. Oggi abbiamo incontrato Rino Di Cresce, candidato alla carica di consigliere con Carinola Rinasce, Franco Di Biasio sindaco.<br \/>\n<strong>-Come stai vivendo questa esperienza?<\/strong><br \/>\nSicuramente \u00e8 un\u2019esperienza che mi lusinga ed entusiasma\u2026risvegliando in me un grosso senso di responsabilit\u00e0. Responsabilit\u00e0 che ci coinvolge tutti e ci vede impegnati in prima linea, contro quella che \u00e8 l\u2019amministrazione uscente, mascherata con un restyling di facciata.<br \/>\n<strong>-Quali sono le priorit\u00e0 politiche?<\/strong><br \/>\nSi deve ripartire dall\u2019analisi del territorio , dalle difficolt\u00e0 dei cittadini e dalla vivibilit\u00e0 delle frazioni.C\u2019\u00e8 bisogno di rimboccarsi le maniche e formare una squadra di governo che lavori con passione e caparbiet\u00e0 sugli obiettivi. Le priorit\u00e0? Tutelare gli agricoltori e l\u2019agricoltura perch\u00e9 \u00e8 fonte di economia principale per Carinola, supportandoli nei meandri dei PSR magari con l\u2019istituzione di un ufficio di consulenza gratuita convenzionando strutture CAA . aggiungere l\u2019obiettivo di\u00a0ridurre il peso fiscale\u00a0e contributivo per le fasce pi\u00f9 disagiate\u00a0e per quelle che vivono con grande difficolt\u00e0 la situazione economica. \u2022 Avviare progetti nelle scuole che coinvolgono i\u00a0bambini\u00a0nell\u2019attuazione della raccolta differenziata coniando delle banconote locali denominate Ecomoney\u00a0\u00a0 e che verranno distribuite ai bambini a secondo del loro impegno nella raccolta differenziata. Gli\u00a0Ecomoney\u00a0saranno riutilizzati dai bambini\u00a0per acquistare materiale didattico nelle cartolibrerie di Carinola\u2026.\u00e8 molto ampio questo punto e ne potremo parlare per ore intere\u2026lo faremo di volta in volta analizzando tutti i punti nelle piazze del paese.<br \/>\n<strong>-Hai gi\u00e0 avuto esperienze in politica come candidato giovane. Ci credi in una rinascita territoriale che parta proprio dai giovani?<\/strong><br \/>\nCi credo? Mentre altri organizzavano riunioni per scegliere sui numeri noi ci interrogavamo sulle competenze e sui progetti da fare. \u00c8 bello partire con la speranza di fare.\u00a0 E\u2019 anche pi\u00f9 facile chiedere un voto per il progetto e non per la persona o per la parentela. Chiunque incontro abbozza sempre un sorriso. Ed il sorriso sar\u00e0 l\u2019arma della popolazione che ha finalmente capito DA CHE PARTE STARE.<br \/>\n<strong>-Credete di poter vincere?<\/strong><br \/>\nE&#8217; un impresa molto ardua, ma credo che alla fine la spunteremo. Faccio un in bocca al lupo a tutti i candidati di tutte le liste per una campagna corretta e leale.<\/p>\n","protected":false},"excerpt":{"rendered":"<p>11 Maggio 2016 &#8211; CARINOLA. Carinola verso il voto. Stiamo cercando di incontrare i candidati dei diversi schieramenti<\/p>\n","protected":false},"author":2,"featured_media":9725,"comment_status":"closed","ping_status":"closed","sticky":false,"template":"","format":"standard","meta":{"sfsi_plus_gutenberg_text_before_share":"","sfsi_plus_gutenberg_show_text_before_share":"","sfsi_plus_gutenberg_icon_type":"","sfsi_plus_gutenberg_icon_alignemt":"","sfsi_plus_gutenburg_max_per_row":"","footnotes":""},"categories":[2973,3151,9],"tags":[4357,4664],"class_list":["post-9724","post","type-post","status-publish","format-standard","has-post-thumbnail","hentry","category-carinola","category-elezioni-comunali-a-carinola","category-politica","tag-elezioni-carinola","tag-franco-di-biasio-carinola"],"_links":{"self":[{"href":"https:\/\/www.thereportzone.it\/index.php?rest_route=\/wp\/v2\/posts\/9724"}],"collection":[{"href":"https:\/\/www.thereportzone.it\/index.php?rest_route=\/wp\/v2\/posts"}],"about":[{"href":"https:\/\/www.thereportzone.it\/index.php?rest_route=\/wp\/v2\/types\/post"}],"author":[{"embeddable":true,"href":"https:\/\/www.thereportzone.it\/index.php?rest_route=\/wp\/v2\/users\/2"}],"replies":[{"embeddable":true,"href":"https:\/\/www.thereportzone.it\/index.php?rest_route=%2Fwp%2Fv2%2Fcomments&post=9724"}],"version-history":[{"count":0,"href":"https:\/\/www.thereportzone.it\/index.php?rest_route=\/wp\/v2\/posts\/9724\/revisions"}],"wp:featuredmedia":[{"embeddable":true,"href":"https:\/\/www.thereportzone.it\/index.php?rest_route=\/"}],"wp:attachment":[{"href":"https:\/\/www.thereportzone.it\/index.php?rest_route=%2Fwp%2Fv2%2Fmedia&parent=9724"}],"wp:term":[{"taxonomy":"category","embeddable":true,"href":"https:\/\/www.thereportzone.it\/index.php?rest_route=%2Fwp%2Fv2%2Fcategories&post=9724"},{"taxonomy":"post_tag","embeddable":true,"href":"https:\/\/www.thereportzone.it\/index.php?rest_route=%2Fwp%2Fv2%2Ftags&post=9724"}],"curies":[{"name":"wp","href":"https:\/\/api.w.org\/{rel}","templated":true}]}}