{"id":9633,"date":"2016-05-09T19:29:05","date_gmt":"2016-05-09T19:29:05","guid":{"rendered":"http:\/\/www.thereportzone.it\/?p=9633"},"modified":"2016-05-09T19:29:05","modified_gmt":"2016-05-09T19:29:05","slug":"elezioni-carinola-5","status":"publish","type":"post","link":"https:\/\/www.thereportzone.it\/?p=9633","title":{"rendered":"ELEZIONI CARINOLA &#8211; Prima agor\u00e0 pubblica del Movimento 5 Stelle &#8211; FOTO"},"content":{"rendered":"<p><strong>9 Maggio 2016 &#8211; CARINOLA<\/strong>. Ieri 8 maggio 2016 si \u00e8 tenuta la prima agor\u00e0 pubblica del Movimento Ciinque Stelle in piazza Alberata a Nocelleto durante la quale \u00e8 stata presentata la lista certificata del Movimento.<br \/>\nE\u2019 intervenuto per l\u2019occasione il consigliere regionale Vincenzo Viglione, figura di prestigio del Movimento Cinque Stelle e segretario della Commissione Anticamorra.<br \/>\nHanno preso la parola il candidato consigliere Renato Luigi De Spirito che ha presentato l\u2019elenco dei candidati ai molti cittadini presenti ed ha altres\u00ec citato sommariamente alcuni punti del programma e successivamente il consigliere regionale nel suo pregevole intervento ha posto l\u2019attenzione sui Programmi di Sviluppo Rurale cui possono ricorrere gli imprenditori agricoli per incrementare la produttivit\u00e0 delle proprie aziende.<br \/>\nIn conclusione il candidato Sindaco Avv. Sisto Di Cresce ha approfondito alcuni punti citati dal candidato consigliere De Spirito, ribadendo lo stato di degrado in cui versa il Comune di Carinola a causa della mala gestio dell\u2019ultimo ventennio, ha evidenziato che i competitor non rappresentano nulla di nuovo essendo sulla scena politica da oltre venti anni; ha ancora ringraziato i singoli candidati consiglieri per lo spirito di sacrificio ed anche per il coraggio espresso nell\u2019aderire al progetto del Movimento Cinque Stelle di Carinola e concludendo ha ringraziato la folta platea intervenuta alla manifestazione.<br \/>\nIl Movimento Cinque Stelle d\u00e0 appuntamento ai cittadini che sono interessati ai prossimi eventi che saranno organizzati in tutte le frazioni del Comune e che verranno adeguatamente pubblicizzati.<\/p>\n<p style=\"text-align: right;\"><strong><em>Renato Luigi De Spirito, candidato consigliere e addetto alla comunicazione<\/em><\/strong><\/p>\n\n","protected":false},"excerpt":{"rendered":"<p>9 Maggio 2016 &#8211; CARINOLA. Ieri 8 maggio 2016 si \u00e8 tenuta la prima agor\u00e0 pubblica del Movimento<\/p>\n","protected":false},"author":2,"featured_media":9637,"comment_status":"closed","ping_status":"closed","sticky":false,"template":"","format":"standard","meta":{"sfsi_plus_gutenberg_text_before_share":"","sfsi_plus_gutenberg_show_text_before_share":"","sfsi_plus_gutenberg_icon_type":"","sfsi_plus_gutenberg_icon_alignemt":"","sfsi_plus_gutenburg_max_per_row":"","footnotes":""},"categories":[2973,3151,9],"tags":[],"class_list":["post-9633","post","type-post","status-publish","format-standard","has-post-thumbnail","hentry","category-carinola","category-elezioni-comunali-a-carinola","category-politica"],"_links":{"self":[{"href":"https:\/\/www.thereportzone.it\/index.php?rest_route=\/wp\/v2\/posts\/9633"}],"collection":[{"href":"https:\/\/www.thereportzone.it\/index.php?rest_route=\/wp\/v2\/posts"}],"about":[{"href":"https:\/\/www.thereportzone.it\/index.php?rest_route=\/wp\/v2\/types\/post"}],"author":[{"embeddable":true,"href":"https:\/\/www.thereportzone.it\/index.php?rest_route=\/wp\/v2\/users\/2"}],"replies":[{"embeddable":true,"href":"https:\/\/www.thereportzone.it\/index.php?rest_route=%2Fwp%2Fv2%2Fcomments&post=9633"}],"version-history":[{"count":0,"href":"https:\/\/www.thereportzone.it\/index.php?rest_route=\/wp\/v2\/posts\/9633\/revisions"}],"wp:featuredmedia":[{"embeddable":true,"href":"https:\/\/www.thereportzone.it\/index.php?rest_route=\/"}],"wp:attachment":[{"href":"https:\/\/www.thereportzone.it\/index.php?rest_route=%2Fwp%2Fv2%2Fmedia&parent=9633"}],"wp:term":[{"taxonomy":"category","embeddable":true,"href":"https:\/\/www.thereportzone.it\/index.php?rest_route=%2Fwp%2Fv2%2Fcategories&post=9633"},{"taxonomy":"post_tag","embeddable":true,"href":"https:\/\/www.thereportzone.it\/index.php?rest_route=%2Fwp%2Fv2%2Ftags&post=9633"}],"curies":[{"name":"wp","href":"https:\/\/api.w.org\/{rel}","templated":true}]}}