{"id":9624,"date":"2016-05-09T16:03:04","date_gmt":"2016-05-09T16:03:04","guid":{"rendered":"http:\/\/www.thereportzone.it\/?p=9624"},"modified":"2016-05-09T16:03:04","modified_gmt":"2016-05-09T16:03:04","slug":"elezioni-carinola-intervista-nicola-nave","status":"publish","type":"post","link":"https:\/\/www.thereportzone.it\/?p=9624","title":{"rendered":"ELEZIONI CARINOLA &#8211; Intervista a Nicola Nave, candidato nella lista &#8220;SIAMO CARINOLA&#8221;"},"content":{"rendered":"<p><strong>9 Maggio 2016 &#8211; CARINOLA.<\/strong> Carinola verso le elezioni comunali. Le liste sono state ormai consegnate, con i simboli ufficiali e tutti i nomi. Abbiamo iniziato a parlare con alcuni dei candidati. Abbiamo incontrato Nicola Nave, uno dei pi\u00f9 giovani ad essere sceso in campo con &#8220;SI&#8217;AMO CARINOLA&#8221;, con Antonio Russo sindaco.<br \/>\n<strong>Nicola Nave, vuoi\u00a0presentarti agli elettori?<\/strong><br \/>\nSi, certamente. Mi chiamo Nicola Nave, ho 28 anni e lavoro nell&#8217;azienda di famiglia come artigiano nel settore del legno. Svolgo regolarmente attivit\u00e0 sportiva come calciatore.<br \/>\n<strong>Perch\u00e8 hai deciso di scendere in campo per questa tornata elettorale?<\/strong><br \/>\nHo accettato la candidatura per le prossime elezioni amministrative perch\u00e8 ritengo necessario impegnarsi in prima persona per il rilancio del nostro territorio. Ritengo inoltre importante che, persone come me, che fanno parte della nuova generazione si impegnino per far si che il distacco esistente oggi tra societ\u00e0 civile e politica venga colmato con nuove idee e con la giusta determinazione, propria dei giovani.<br \/>\n<strong>Come stai vivendo questa campagna elettorale, sebbene sia appena cominciata?<\/strong><br \/>\nEsordio alla mia prima esperienza politica, forse, come il candidato pi\u00f9 giovane della lista e mi preme fare gli auguri ed un in bocca al lupo a tutti con la speranza che sia una campagna elettorale contraddistinta dall\u2019onest\u00e0 e dalla correttezza di tutti i partecipanti. Inoltre vorrei sottolineare che offrir\u00f2\u00a0il mio massimo impegno in tutte quelle azioni che potranno\u00a0essere utili al fabbisogno del paese.<br \/>\n<strong>In quanto giovane credi fortemente nella forza e nelle idee dei giovani&#8230;<\/strong><br \/>\nSi, ho gi\u00e0 accennato prima un breve tracciato della mia storia. Io, con la mia famiglia, siamo partiti da una falegnameria per poi crescere, poco a poco, con forza, dedizione ed amore per il nostro\u00a0lavoro ed il nostro\u00a0territorio. Questa mia stessa esperienza mi ha insegnato che &#8220;volere \u00e8 potere&#8221;. Certo, c&#8217;\u00e8 bisogno dei mezzi. Per questo credo che, ogni giovane, debba essere messo a proprio agio ed avere la possibilit\u00e0 di manifestare e mettere in pratica la propria idea di crescita ed avere la possibilit\u00e0 di credere in questo territorio, di creare e crescere in questo territorio, senza &#8220;emigrare&#8221; per trovare lavoro, ed una vita pi\u00f9 agiata, altrove.<br \/>\n<strong>Vuoi lasciare un messaggio agli elettori?<\/strong><br \/>\nSemplicemente chiedo agli elettori di darmi il loro consenso per iniziare questo riscatto generazionale, partendo proprio della politica locale.<br \/>\n&nbsp;<\/p>\n","protected":false},"excerpt":{"rendered":"<p>9 Maggio 2016 &#8211; CARINOLA. Carinola verso le elezioni comunali. Le liste sono state ormai consegnate, con i<\/p>\n","protected":false},"author":2,"featured_media":9382,"comment_status":"closed","ping_status":"closed","sticky":false,"template":"","format":"standard","meta":{"sfsi_plus_gutenberg_text_before_share":"","sfsi_plus_gutenberg_show_text_before_share":"","sfsi_plus_gutenberg_icon_type":"","sfsi_plus_gutenberg_icon_alignemt":"","sfsi_plus_gutenburg_max_per_row":"","footnotes":""},"categories":[2973,3151,9],"tags":[4670,4357,4230],"class_list":["post-9624","post","type-post","status-publish","format-standard","has-post-thumbnail","hentry","category-carinola","category-elezioni-comunali-a-carinola","category-politica","tag-carinola-alle-elezioni","tag-elezioni-carinola","tag-elezioni-comunali-carinola"],"_links":{"self":[{"href":"https:\/\/www.thereportzone.it\/index.php?rest_route=\/wp\/v2\/posts\/9624"}],"collection":[{"href":"https:\/\/www.thereportzone.it\/index.php?rest_route=\/wp\/v2\/posts"}],"about":[{"href":"https:\/\/www.thereportzone.it\/index.php?rest_route=\/wp\/v2\/types\/post"}],"author":[{"embeddable":true,"href":"https:\/\/www.thereportzone.it\/index.php?rest_route=\/wp\/v2\/users\/2"}],"replies":[{"embeddable":true,"href":"https:\/\/www.thereportzone.it\/index.php?rest_route=%2Fwp%2Fv2%2Fcomments&post=9624"}],"version-history":[{"count":0,"href":"https:\/\/www.thereportzone.it\/index.php?rest_route=\/wp\/v2\/posts\/9624\/revisions"}],"wp:featuredmedia":[{"embeddable":true,"href":"https:\/\/www.thereportzone.it\/index.php?rest_route=\/"}],"wp:attachment":[{"href":"https:\/\/www.thereportzone.it\/index.php?rest_route=%2Fwp%2Fv2%2Fmedia&parent=9624"}],"wp:term":[{"taxonomy":"category","embeddable":true,"href":"https:\/\/www.thereportzone.it\/index.php?rest_route=%2Fwp%2Fv2%2Fcategories&post=9624"},{"taxonomy":"post_tag","embeddable":true,"href":"https:\/\/www.thereportzone.it\/index.php?rest_route=%2Fwp%2Fv2%2Ftags&post=9624"}],"curies":[{"name":"wp","href":"https:\/\/api.w.org\/{rel}","templated":true}]}}