{"id":9605,"date":"2016-05-09T10:10:35","date_gmt":"2016-05-09T10:10:35","guid":{"rendered":"http:\/\/www.thereportzone.it\/?p=9605"},"modified":"2016-05-09T10:10:35","modified_gmt":"2016-05-09T10:10:35","slug":"il-calabrone","status":"publish","type":"post","link":"https:\/\/www.thereportzone.it\/?p=9605","title":{"rendered":"IL CALABRONE &#8211; Carinola al voto: Guerra e Pace"},"content":{"rendered":"<p><strong>9 Maggio 2016 &#8211; CARINOLA<\/strong>. (<strong><em>di Michele Sorvillo<\/em><\/strong>) Nocelleto ha dimostrato ancora una volta di saperci fare, comunque vada avr\u00e0 un sindaco, penser\u00e0 qualcuno, e la forza in maggioranza per sostenerlo. Non \u00e8 del tutto falso questo. Nelle altre frazioni, Casanova e Casale pi\u00f9 delle altre, non hanno voluto unirsi, credere in quelle forze emergenti, rispettivamente Enzo Bertone di Movimento Inverso e Luigi Verrengia con gli ex socialisti. Questi due si erano pure uniti, erano abbastanza forti per aggregare e correre, ma la lista non ha visto il giorno.<br \/>\nLe cause sono diverse, ma su una cosa possiamo essere sicuri: Enzo Bertone ci ha provato fino alla fine a rinnovare, ma alla base a Carinola manca qualcosa che non ci si pu\u00f2 inventare da un giorno all\u2019altro: il coraggio e la seriet\u00e0 sulla parola data da parte di parecchi politici improvvisati. Non voglio e soprattutto non posso entrare nelle meschinit\u00e0 e nei tradimenti che si sono succeduti fino all\u2019ultima notte precedente alla presentazione delle liste, essendo lontano da Carinola. Movimento Inverso, a mio avviso, resta all\u2019esterno, ma con dignit\u00e0 e coerenza.<br \/>\nMa tutto questo ci ha insegnato qualcosa? \u00a0Personalmente penso di aver capito questo: a Carinola serve pace. Serve un nuovo umanesimo fra le genti, perch\u00e9 se non diventiamo prima una comunit\u00e0, avremo sempre guerriglie e divisioni, le vere cause delle nostra rovina, altro che crisi. Ci prendiamo un p\u00f2 tutti troppo sul serio e non avanziamo. Siamo fermi. Siamo stanchi.<br \/>\nE allora vorrei fare i miei auguri a chi si \u00e8 presentato per cambiare le cose. Soprattutto ai giovani, quelli che hanno pi\u00f9 o meno la mia et\u00e0. A questi, dico, conservate la vostra freschezza, valori ed idee, lavorate per la pace e per costruire una comunit\u00e0 di Carinola.<br \/>\nAltrimenti, finiremo tutti gi\u00f9 per terra.<br \/>\n&nbsp;<\/p>\n<p style=\"text-align: center;\"><em>[Se verr\u00e0 la guerra, Marcondiro&#8217;ndero\u00a0<\/em><em><br \/>\nse verr\u00e0 la guerra, Marcondiro&#8217;nd\u00e0<br \/>\nsul mare e sulla terra, Marcondiro&#8217;ndera<br \/>\nsul mare e sulla terra chi ci salver\u00e0?\u00a0]<\/em><\/p>\n<figure id=\"attachment_6559\" aria-describedby=\"caption-attachment-6559\" style=\"width: 300px\" class=\"wp-caption alignnone\"><img fetchpriority=\"high\" decoding=\"async\" class=\"size-medium wp-image-6559\" src=\"http:\/\/www.thereportzone.it\/wp-content\/uploads\/2016\/02\/Michele-Sorvillo-300x285.jpg\" alt=\"IL CALABRONE \u00e8 una rubrica a cura di Michele Sorvillo, giornalista esperto di politica che vive e lavora a Parigi. Per anni ha seguito le vicende politiche di diversi Comuni della provincia di Caserta, in particolar modo l\u2019avvicendarsi di nuovi sindaci e maggioranze a Falciano del Massico e Carinola.\" width=\"300\" height=\"285\" \/><figcaption id=\"caption-attachment-6559\" class=\"wp-caption-text\"><strong><em>IL CALABRONE<\/em><\/strong> \u00e8 una rubrica a cura di <em><strong>Michele Sorvillo<\/strong><\/em>, giornalista esperto di politica che vive e lavora a Parigi. Per anni ha seguito le vicende politiche di diversi Comuni della provincia di Caserta, in particolar modo l\u2019avvicendarsi di nuovi sindaci e maggioranze a Falciano del Massico e Carinola.<\/figcaption><\/figure>\n","protected":false},"excerpt":{"rendered":"<p>9 Maggio 2016 &#8211; CARINOLA. (di Michele Sorvillo) Nocelleto ha dimostrato ancora una volta di saperci fare, comunque<\/p>\n","protected":false},"author":2,"featured_media":8675,"comment_status":"closed","ping_status":"closed","sticky":false,"template":"","format":"standard","meta":{"sfsi_plus_gutenberg_text_before_share":"","sfsi_plus_gutenberg_show_text_before_share":"","sfsi_plus_gutenberg_icon_type":"","sfsi_plus_gutenberg_icon_alignemt":"","sfsi_plus_gutenburg_max_per_row":"","footnotes":""},"categories":[2973,3151,4648,9],"tags":[4661,4357,4614],"class_list":["post-9605","post","type-post","status-publish","format-standard","has-post-thumbnail","hentry","category-carinola","category-elezioni-comunali-a-carinola","category-il-calabrone-rubrica","category-politica","tag-carinola-al-voto","tag-elezioni-carinola","tag-rubrica-il-calabrone"],"_links":{"self":[{"href":"https:\/\/www.thereportzone.it\/index.php?rest_route=\/wp\/v2\/posts\/9605"}],"collection":[{"href":"https:\/\/www.thereportzone.it\/index.php?rest_route=\/wp\/v2\/posts"}],"about":[{"href":"https:\/\/www.thereportzone.it\/index.php?rest_route=\/wp\/v2\/types\/post"}],"author":[{"embeddable":true,"href":"https:\/\/www.thereportzone.it\/index.php?rest_route=\/wp\/v2\/users\/2"}],"replies":[{"embeddable":true,"href":"https:\/\/www.thereportzone.it\/index.php?rest_route=%2Fwp%2Fv2%2Fcomments&post=9605"}],"version-history":[{"count":0,"href":"https:\/\/www.thereportzone.it\/index.php?rest_route=\/wp\/v2\/posts\/9605\/revisions"}],"wp:featuredmedia":[{"embeddable":true,"href":"https:\/\/www.thereportzone.it\/index.php?rest_route=\/"}],"wp:attachment":[{"href":"https:\/\/www.thereportzone.it\/index.php?rest_route=%2Fwp%2Fv2%2Fmedia&parent=9605"}],"wp:term":[{"taxonomy":"category","embeddable":true,"href":"https:\/\/www.thereportzone.it\/index.php?rest_route=%2Fwp%2Fv2%2Fcategories&post=9605"},{"taxonomy":"post_tag","embeddable":true,"href":"https:\/\/www.thereportzone.it\/index.php?rest_route=%2Fwp%2Fv2%2Ftags&post=9605"}],"curies":[{"name":"wp","href":"https:\/\/api.w.org\/{rel}","templated":true}]}}