{"id":9562,"date":"2016-05-08T10:11:05","date_gmt":"2016-05-08T10:11:05","guid":{"rendered":"http:\/\/www.thereportzone.it\/?p=9562"},"modified":"2016-05-08T10:11:05","modified_gmt":"2016-05-08T10:11:05","slug":"gruppo-protezione-civile-falciano-del-massico-giorno-dellinaugurazione","status":"publish","type":"post","link":"https:\/\/www.thereportzone.it\/?p=9562","title":{"rendered":"Gruppo Protezione Civile Falciano del Massico, giorno dell&#8217;inaugurazione"},"content":{"rendered":"<p><strong>8 Maggio 2016 &#8211; FALCIANO DEL MASSICO.<\/strong> Un&#8217;attesa cerimonia quella che si \u00e8 svolta questa mattina presso il Comune di Falciano del Massico, il Gruppo Volontari della Protezione Civile \u00e8 ufficialmente operativo. Ragazzi con tanta voglia di fare e con un innato senso di aiutare il prossimo. La cerimonia \u00e8 stata presieduta dal sindaco, gli assessori, dal comando dei carabinieri, della polizia municipale e molte altre persone accorse per l&#8217;occorrenza.<br \/>\nNella sala consiliare la cerimonia \u00e8 stata aperta dalle parole dell&#8217;Assessore Pasquale Macaro, per poi continuare con le parole del primo cittadino Giosu\u00e8 Santoro, il responsabile regionale della Protezione Civile e tanti altri. Presente anche la stampa locale per fotografare il gruppo e riprendere le parti salient dell&#8217;incontro che troverete in un video live streaming al seguente link\u00a0<a href=\"https:\/\/www.facebook.com\/TheReportZone\/videos\/717582571716103\/\">https:\/\/www.facebook.com\/TheReportZone\/videos\/717582571716103\/<\/a><br \/>\nUna bella iniziativa di tutto rispetto. Non \u00e8 facile donare un servizio del genere con l&#8217;ausilio dei volontari.<br \/>\n<\/p>\n","protected":false},"excerpt":{"rendered":"<p>8 Maggio 2016 &#8211; FALCIANO DEL MASSICO. Un&#8217;attesa cerimonia quella che si \u00e8 svolta questa mattina presso il<\/p>\n","protected":false},"author":2,"featured_media":9563,"comment_status":"closed","ping_status":"closed","sticky":false,"template":"","format":"standard","meta":{"sfsi_plus_gutenberg_text_before_share":"","sfsi_plus_gutenberg_show_text_before_share":"","sfsi_plus_gutenberg_icon_type":"","sfsi_plus_gutenberg_icon_alignemt":"","sfsi_plus_gutenburg_max_per_row":"","footnotes":""},"categories":[4,9],"tags":[629,4667,4668],"class_list":["post-9562","post","type-post","status-publish","format-standard","has-post-thumbnail","hentry","category-falciano","category-politica","tag-falciano-del-massico","tag-protezione-civile-falciano-del-massico","tag-protezione-cvile"],"_links":{"self":[{"href":"https:\/\/www.thereportzone.it\/index.php?rest_route=\/wp\/v2\/posts\/9562"}],"collection":[{"href":"https:\/\/www.thereportzone.it\/index.php?rest_route=\/wp\/v2\/posts"}],"about":[{"href":"https:\/\/www.thereportzone.it\/index.php?rest_route=\/wp\/v2\/types\/post"}],"author":[{"embeddable":true,"href":"https:\/\/www.thereportzone.it\/index.php?rest_route=\/wp\/v2\/users\/2"}],"replies":[{"embeddable":true,"href":"https:\/\/www.thereportzone.it\/index.php?rest_route=%2Fwp%2Fv2%2Fcomments&post=9562"}],"version-history":[{"count":0,"href":"https:\/\/www.thereportzone.it\/index.php?rest_route=\/wp\/v2\/posts\/9562\/revisions"}],"wp:featuredmedia":[{"embeddable":true,"href":"https:\/\/www.thereportzone.it\/index.php?rest_route=\/"}],"wp:attachment":[{"href":"https:\/\/www.thereportzone.it\/index.php?rest_route=%2Fwp%2Fv2%2Fmedia&parent=9562"}],"wp:term":[{"taxonomy":"category","embeddable":true,"href":"https:\/\/www.thereportzone.it\/index.php?rest_route=%2Fwp%2Fv2%2Fcategories&post=9562"},{"taxonomy":"post_tag","embeddable":true,"href":"https:\/\/www.thereportzone.it\/index.php?rest_route=%2Fwp%2Fv2%2Ftags&post=9562"}],"curies":[{"name":"wp","href":"https:\/\/api.w.org\/{rel}","templated":true}]}}