{"id":9483,"date":"2016-05-06T16:30:34","date_gmt":"2016-05-06T16:30:34","guid":{"rendered":"http:\/\/www.thereportzone.it\/?p=9483"},"modified":"2016-05-06T16:30:34","modified_gmt":"2016-05-06T16:30:34","slug":"elezioni-carinola-parla-movimento-5-stelle","status":"publish","type":"post","link":"https:\/\/www.thereportzone.it\/?p=9483","title":{"rendered":"ELEZIONI CARINOLA &#8211; Movimento 5 Stelle primo a presentare la lista"},"content":{"rendered":"<p><strong>6 Maggio 2016 &#8211; CARNOLA.<\/strong> Era un momento che stavamo aspettando da tanto tempo: finalmente la lista ufficiale del M5S \u00e8 stata presentata in Comune! Stamattina alle ore 9:00 la lista \u00e8 stata presentata in Comune dal nostro candidato sindaco avv. Sisto Di Cresce ed \u00e8 stata consegnata nelle mani del segretario comunale e del responsabile dell\u2019ufficio elettorale sig. Lorenzo Imparato che ringraziamo di cuore per l\u2019immensa disponibilit\u00e0 che ha mostrato nei nostri confronti nei giorni antecedenti la presentazione della lista stessa.<br \/>\nLa nostra \u00e8 la prima lista ad essere presentata e questo \u00e8 motivo di grande orgoglio per il nostro gruppo ma \u00e8 soprattutto un segnale per i cittadini carinolesi: siamo gli unici ad avere le idee chiare! Basta perdere 10 minuti sul web per rendersi conto di quanto sia caduta in basso la politica carinolese. Tra prove di forza per ottenere il titolo di candidato sindaco, tra persone che ieri erano avverse all\u2019attuale amministrazione ed oggi si alleano con le stesse persone che di questa amministrazione facevano (o meglio, fanno ancora) parte, tra chi \u00e8 in politica da decenni ed ancora si ostina a ripresentarsi penso siamo gli unici che mai si son avvicinati a tutto questo squallore e ne siamo davvero fieri.<br \/>\nLa nostra sar\u00e0 una battaglia basata sulla legalit\u00e0 e sulla trasparenza ponendo al centro di tutto i cittadini carinolesi perch\u00e9 per noi \u00e8 fondamentale che i cittadini siano controllori dei loro rappresentanti.<br \/>\nE\u2019 un progetto ambizioso il nostro, che parte dalla voglia di far rinascere Carinola dalla situazione disastrosa in cui si trova attraverso il rilancio e la valorizzazione della nostra agricoltura, la revisione di tutti gli atti un po\u2019 \u201coscuri\u201d delle passate amministrazioni, l\u2019utilizzo pi\u00f9 mirato di quelli che sono i fondi regionali ed europei a disposizione dei Comuni, la trasparenza dei bilanci e soprattutto attraverso l\u2019ordinaria amministrazione che in questi anni \u00e8 venuta meno e basta guardare in che stato di degrado versano le piazze, le strade o gli impianti sportivi del Comune. Il tutto lo faremo anche attraverso il continuo confronto con i consiglieri regionali, con i deputati ed i senatori e con gli europarlamentari M5S che ci daranno un grande aiuto nel far rinascere il nostro Comune.<br \/>\nNoi siamo pronti a questa battaglia di valori, convinti delle nostre possibilit\u00e0 e capacit\u00e0 e ce la metteremo tutta. Speriamo vivamente che anche i cittadini carinolesi siano dalla nostra parte perch\u00e9 dopo decenni di buio finalmente c\u2019\u00e8 la concreta possibilit\u00e0 di ribaltare questa politica \u201carcaica\u201d!<br \/>\nRenato Luigi De Spirito, candidato consigliere e addetto alla comunicazione<\/p>\n","protected":false},"excerpt":{"rendered":"<p>6 Maggio 2016 &#8211; CARNOLA. Era un momento che stavamo aspettando da tanto tempo: finalmente la lista ufficiale<\/p>\n","protected":false},"author":2,"featured_media":7764,"comment_status":"closed","ping_status":"closed","sticky":false,"template":"","format":"standard","meta":{"sfsi_plus_gutenberg_text_before_share":"","sfsi_plus_gutenberg_show_text_before_share":"","sfsi_plus_gutenberg_icon_type":"","sfsi_plus_gutenberg_icon_alignemt":"","sfsi_plus_gutenburg_max_per_row":"","footnotes":""},"categories":[2973,3151,9],"tags":[82,4661,4357],"class_list":["post-9483","post","type-post","status-publish","format-standard","has-post-thumbnail","hentry","category-carinola","category-elezioni-comunali-a-carinola","category-politica","tag-carinola","tag-carinola-al-voto","tag-elezioni-carinola"],"_links":{"self":[{"href":"https:\/\/www.thereportzone.it\/index.php?rest_route=\/wp\/v2\/posts\/9483"}],"collection":[{"href":"https:\/\/www.thereportzone.it\/index.php?rest_route=\/wp\/v2\/posts"}],"about":[{"href":"https:\/\/www.thereportzone.it\/index.php?rest_route=\/wp\/v2\/types\/post"}],"author":[{"embeddable":true,"href":"https:\/\/www.thereportzone.it\/index.php?rest_route=\/wp\/v2\/users\/2"}],"replies":[{"embeddable":true,"href":"https:\/\/www.thereportzone.it\/index.php?rest_route=%2Fwp%2Fv2%2Fcomments&post=9483"}],"version-history":[{"count":0,"href":"https:\/\/www.thereportzone.it\/index.php?rest_route=\/wp\/v2\/posts\/9483\/revisions"}],"wp:featuredmedia":[{"embeddable":true,"href":"https:\/\/www.thereportzone.it\/index.php?rest_route=\/"}],"wp:attachment":[{"href":"https:\/\/www.thereportzone.it\/index.php?rest_route=%2Fwp%2Fv2%2Fmedia&parent=9483"}],"wp:term":[{"taxonomy":"category","embeddable":true,"href":"https:\/\/www.thereportzone.it\/index.php?rest_route=%2Fwp%2Fv2%2Fcategories&post=9483"},{"taxonomy":"post_tag","embeddable":true,"href":"https:\/\/www.thereportzone.it\/index.php?rest_route=%2Fwp%2Fv2%2Ftags&post=9483"}],"curies":[{"name":"wp","href":"https:\/\/api.w.org\/{rel}","templated":true}]}}