{"id":9413,"date":"2016-05-04T12:21:55","date_gmt":"2016-05-04T12:21:55","guid":{"rendered":"http:\/\/www.thereportzone.it\/?p=9413"},"modified":"2016-05-04T12:21:55","modified_gmt":"2016-05-04T12:21:55","slug":"annamaria-imbriano-candidata-con-terra-libera","status":"publish","type":"post","link":"https:\/\/www.thereportzone.it\/?p=9413","title":{"rendered":"ELEZIONI CASERTA &#8211; Annamaria Imbriano candidata con Terra Libera"},"content":{"rendered":"<div class=\"ContentRight WithRightRail FullView\" data-link=\"class{:~tag.contentRightClass(Layout.IsFullView, Layout.ReadingPaneMode)}\">\n<div class=\"ContentRightInner t_mbgc t_qtc t_urtc\">\n<div id=\"inboxControl0fv-ReadMessageContainer\" class=\"v-ReadMessageContainer slideOnResize\" tabindex=\"-1\">\n<div class=\"c-ReadMessage\" data-link=\"class{readMessageClass: ~tag.Show}\">\n<div id=\"ReadMessageScrollableSection\" class=\"rmMessages ClearBoth\" tabindex=\"-1\">\n<div id=\"readMessagePartControl491f\" class=\"c-ReadMessagePart ReadMsgContainer HasLayout ClearBoth HideShadows FullPart NoHistory Read RmIc\" data-link=\"class{:~tag.getHeaderCssClass(IsConversationPart, IsRead, IsDraft, IsTrustedSender, Items.length)}\">\n<div class=\"c-ReadMessagePartBody\" data-link=\"class{getClass:IsBodyExpanded}\">\n<div class=\"readMsgBody\">\n<div id=\"bodyreadMessagePartBodyControl496f\" class=\"ExternalClass MsgBodyContainer\" data-link=\"class{:~tag.cssClasses(PlainText, IsContentFiltered)}\">\n<div dir=\"ltr\">\n<p class=\"ecxMsoNormal\"><strong>4 Maggio 2016 &#8211; CASERTA<\/strong>. Annamaria Imbriano \u00e8 tra i candidati della lista \u2018Terra libera\u2019, movimento diretta espressione del consigliere regionale Luigi Bosco. Per anni impegnata nell\u2019azienda agricola di famiglia, dove ha appreso il valore dei soldi, dell\u2019onest\u00e0 e che le cose si conquistano con sudore e sacrifici, la Imbriano oggi \u00e8 sposata ed ha due figli. \u00abTra una pausa e l\u2019altra nell\u2019amministrazione della casa \u2013 ha affermato la candidata &#8211; riesco a coltivare la grande passione per la corsa podistica, che porto avanti con buoni risultati, e per il sociale.<\/p>\n<p class=\"ecxMsoNormal\">Amo aiutare gli altri e coinvolgere gruppi di parenti ed amici in attivit\u00e0 di volontariato; in particolare sento vicine le donne vittime di maltrattamenti e violenza. In seguito a numerose ricerche, scopro l\u2019esistenza delle \u2018Women in Run\u2019, un gruppo di giovani donne che, a partire da Milano e poi in altri comuni del Nord Italia, corrono per dire \u2018no\u2019 alla violenza sulle donne. Sono molte, infatti, le donne che vengono aggredite durante i loro allenamenti, soprattutto la sera o nei posti isolati ed \u00e8 per questa ragione che molte di esse smettono di dedicare il tempo libero alla corsa, trasformando quel momento che dovrebbe essere di gioia e di svago, in un motivo di ansia.<\/p>\n<p class=\"ecxMsoNormal\">Ho sentito, da donna che non intende sottrarre tempo alla famiglia, di correre alla sei di mattina ed ho avuto favorevole riscontro anche da altre amiche, che mi hanno indotto a creare a Caserta un gruppo di \u2018Women in Run\u2019, pieno di entusiasmo e di voglia di fare, e ad ogni competizione portiamo forte il nostro messaggio per dire \u2018no\u2019 alla violenza sulle donne. Oggi intendo mettere il mio entusiasmo a servizio della collettivit\u00e0: conosco il peso del lavoro ma anche la gioia di collaborare insieme per un obiettivo comune.<\/p>\n<p class=\"ecxMsoNormal\">Credo in una societ\u00e0 che difende i diritti dei pi\u00f9 deboli, che non discrimina, che premia il merito e l\u2019impegno; credo nella mia famiglia che \u00e8 il mio porto sicuro, credo nelle relazioni sincere ed autentiche che ho costruito negli anni e che mi hanno permesso di conoscere realt\u00e0 anche complicate, alle quali vorrei restituire dignit\u00e0 e bellezza; ma, soprattutto, credo nella collettivit\u00e0 e nella gente perbene che vive a Caserta\u00bb.<\/p>\n<\/div>\n<\/div>\n<\/div>\n<\/div>\n<\/div>\n<\/div>\n<\/div>\n<\/div>\n<\/div>\n<\/div>\n","protected":false},"excerpt":{"rendered":"<p>4 Maggio 2016 &#8211; CASERTA. Annamaria Imbriano \u00e8 tra i candidati della lista \u2018Terra libera\u2019, movimento diretta espressione<\/p>\n","protected":false},"author":2,"featured_media":9414,"comment_status":"closed","ping_status":"closed","sticky":false,"template":"","format":"standard","meta":{"sfsi_plus_gutenberg_text_before_share":"","sfsi_plus_gutenberg_show_text_before_share":"","sfsi_plus_gutenberg_icon_type":"","sfsi_plus_gutenberg_icon_alignemt":"","sfsi_plus_gutenburg_max_per_row":"","footnotes":""},"categories":[6,9],"tags":[4654,4655,4076],"class_list":["post-9413","post","type-post","status-publish","format-standard","has-post-thumbnail","hentry","category-caserta","category-politica","tag-annamaria-imbriano","tag-caserta-terra-libera","tag-elezioni-caserta"],"_links":{"self":[{"href":"https:\/\/www.thereportzone.it\/index.php?rest_route=\/wp\/v2\/posts\/9413"}],"collection":[{"href":"https:\/\/www.thereportzone.it\/index.php?rest_route=\/wp\/v2\/posts"}],"about":[{"href":"https:\/\/www.thereportzone.it\/index.php?rest_route=\/wp\/v2\/types\/post"}],"author":[{"embeddable":true,"href":"https:\/\/www.thereportzone.it\/index.php?rest_route=\/wp\/v2\/users\/2"}],"replies":[{"embeddable":true,"href":"https:\/\/www.thereportzone.it\/index.php?rest_route=%2Fwp%2Fv2%2Fcomments&post=9413"}],"version-history":[{"count":0,"href":"https:\/\/www.thereportzone.it\/index.php?rest_route=\/wp\/v2\/posts\/9413\/revisions"}],"wp:featuredmedia":[{"embeddable":true,"href":"https:\/\/www.thereportzone.it\/index.php?rest_route=\/"}],"wp:attachment":[{"href":"https:\/\/www.thereportzone.it\/index.php?rest_route=%2Fwp%2Fv2%2Fmedia&parent=9413"}],"wp:term":[{"taxonomy":"category","embeddable":true,"href":"https:\/\/www.thereportzone.it\/index.php?rest_route=%2Fwp%2Fv2%2Fcategories&post=9413"},{"taxonomy":"post_tag","embeddable":true,"href":"https:\/\/www.thereportzone.it\/index.php?rest_route=%2Fwp%2Fv2%2Ftags&post=9413"}],"curies":[{"name":"wp","href":"https:\/\/api.w.org\/{rel}","templated":true}]}}