{"id":9381,"date":"2016-05-03T17:16:45","date_gmt":"2016-05-03T17:16:45","guid":{"rendered":"http:\/\/www.thereportzone.it\/?p=9381"},"modified":"2016-05-03T17:16:45","modified_gmt":"2016-05-03T17:16:45","slug":"elezioni-carinola-chiusa-la-terza-candidatura","status":"publish","type":"post","link":"https:\/\/www.thereportzone.it\/?p=9381","title":{"rendered":"ELEZIONI CARINOLA &#8211; Chiusa la terza candidatura a Casanova: ecco di chi si tratta"},"content":{"rendered":"<div class=\"conversation\">\n<div data-reactroot=\"\">\n<div>\n<div class=\"_4tdt\">\n<div class=\"_4tdv\">\n<div class=\"_5wd4 _1nc6 direction_ltr\">\n<div class=\"_5wd9\" data-hover=\"tooltip\" data-tooltip-position=\"right\" data-tooltip-content=\"19:12\">\n<div class=\"_5wde _n4o\">\n<div class=\"_5w1r _3_om _5wdf\">\n<div class=\"_4gx_\">\n<div class=\"_d97\"><span class=\"_5yl5\"><strong>3 Maggio 2016 &#8211; CARINOLA.<\/strong> Chiusa anche la terza candidatura per Antonio Russo a Casanova. Si tratta di Nicola Nave, giovane imprenditore del posto, alla sua prima esperienza politica. Nave segue le altre due adesioni acquisite da ultimo, quelle di Elisa Mazzucchi e Dino Zannini. Con la discesa in campo di Nicola Nave e la convergenza totale del gruppo ex An, la lista di Antonio Russo, sostanzialmente un centrodestra organico, sembra poter contare decisamente sui favori del pronostico. Abbiamo posto alcune domande al giovane Nave, ecco le sue risposte:<\/span><\/div>\n<div class=\"_d97\"><\/div>\n<div class=\"_d97\">Mi presento, sono Nicola Nave, ho 28 anni, e sono un ragioniere artigiano che lavora nell\u2019azienda di famiglia. Il motivo della mia partecipazione alla prossima tornata elettorale nasce dall\u2019incitazione di alcuni miei grandi amici, nonch\u00e9 sostenitori, che, conoscendo le mie umili qualit\u00e0 morali e personali, mi hanno convinto definitivamente. Ho deciso quindi di ufficializzare e rendere pubblica la mia candidatura in vista delle prossime amministrative. L\u2019ho fatto perch\u00e9 sento il bisogno di donare incondizionatamente le mie capacit\u00e0, il mio tempo, le mie idee, le mie passioni a tutti voi e soprattutto ai ragazzi sfiduciati dalla politica come me. Non possiamo rimanere indifferenti davanti agli stupidi teatrini politici n\u00e9 essere vittima di una politica clientelare, pettegola, disfattista e populista.<\/div>\n<div class=\"_d97\"><\/div>\n<div class=\"_d97\">L\u2019idea di candidarmi a consigliere comunale nel comune di Carinola \u00e8 maturata dal fatto che, vivendo in modo attivo e costante sul territorio mi sono reso conto di quanto non viene fatto per noi tutti. Io non chiedo di fare grandi opere pubbliche o iniziative sproporzionate, perch\u00e9 penso che fondi in questo momento per realizzarne materialmente non ce ne siano. Quello in cui credo e penso \u00e8 che attraverso il mio impegno, piccoli interventi di manutenzione ordinaria, si potranno realizzare tranquillamente utilit\u00e0 pubbliche; basta solo quel pizzico di responsabilit\u00e0 e costanza per far s\u00ec che, lavori di ordinaria amministrazione (es. rattoppo buche stradali o semplice cura delle aree pubbliche), possano essere compiuti in tempi brevi.<\/div>\n<div class=\"_d97\"><\/div>\n<div class=\"_d97\">Una cosa che in modo particolare mi rattrista \u00e8 il totale abbandono delle strutture sportive gi\u00e0 esistenti sul territorio. Tutte le persone che mi conoscono sanno che io sono uno sportivo innamorato del calcio, l\u2019ho praticato anche a livello professionistico fino a qualche anno fa e vedere che le medesime, da tutti invidiate, versano all\u2019abbandono totale, mi ha dato quella spinta in pi\u00f9 per convincermi a mettermi pienamente in gioco. Allora vi dico che mi impegner\u00f2 ulteriormente a preservare con cura quello che attualmente abbiamo, senza arrivare, un giorno, a rimpiangere quello che \u201cavevamo\u201d.<\/div>\n<div class=\"_d97\">Un pensiero conclusivo lo vorrei dedicare ai giovani ovvero alle ideologie delle nuove generazioni, che seppur sfiduciati da un contesto politico precario, devono rendersi conto della totale importanza che hanno per il nostro paese. Il loro voto \u00e8 fondamentale affinch\u00e9 il loro futuro si concretizzi appieno. Qualcuno vorr\u00e0 criticare la mia scelta, a loro voglio dire che la critica \u00e8 sempre necessaria, ma solo se costruttiva o propositiva.<\/div>\n<div class=\"_d97\">Tuttavia per\u00f2 noi stessi dovremmo capire che non tutta la politica \u00e8 un male, ma esiste anche la buona politica; la politica del voler fare e dell\u2019agire in silenzio per i propri cittadini con spirito di servizio. Noi ragazzi dovremmo prendere coscienza del mondo che ci circonda e dovremmo cercare in tutti i modi di riprendere le redini del nostro futuro. Non possiamo limitarci a criticare tutto e tutti. Non aspettiamo che siano gli altri a fare politica al posto nostro. Non chiediamo cosa fa la societ\u00e0 per noi, ma chiediamoci cosa facciamo noi per la nostra societ\u00e0.<\/div>\n<\/div>\n<\/div>\n<\/div>\n<\/div>\n<div class=\"_3ry4\"><\/div>\n<\/div>\n<\/div>\n<\/div>\n<\/div>\n<\/div>\n<\/div>\n","protected":false},"excerpt":{"rendered":"<p>3 Maggio 2016 &#8211; CARINOLA. Chiusa anche la terza candidatura per Antonio Russo a Casanova. Si tratta di<\/p>\n","protected":false},"author":2,"featured_media":9382,"comment_status":"closed","ping_status":"closed","sticky":false,"template":"","format":"standard","meta":{"sfsi_plus_gutenberg_text_before_share":"","sfsi_plus_gutenberg_show_text_before_share":"","sfsi_plus_gutenberg_icon_type":"","sfsi_plus_gutenberg_icon_alignemt":"","sfsi_plus_gutenburg_max_per_row":"","footnotes":""},"categories":[2973,3151,9],"tags":[],"class_list":["post-9381","post","type-post","status-publish","format-standard","has-post-thumbnail","hentry","category-carinola","category-elezioni-comunali-a-carinola","category-politica"],"_links":{"self":[{"href":"https:\/\/www.thereportzone.it\/index.php?rest_route=\/wp\/v2\/posts\/9381"}],"collection":[{"href":"https:\/\/www.thereportzone.it\/index.php?rest_route=\/wp\/v2\/posts"}],"about":[{"href":"https:\/\/www.thereportzone.it\/index.php?rest_route=\/wp\/v2\/types\/post"}],"author":[{"embeddable":true,"href":"https:\/\/www.thereportzone.it\/index.php?rest_route=\/wp\/v2\/users\/2"}],"replies":[{"embeddable":true,"href":"https:\/\/www.thereportzone.it\/index.php?rest_route=%2Fwp%2Fv2%2Fcomments&post=9381"}],"version-history":[{"count":0,"href":"https:\/\/www.thereportzone.it\/index.php?rest_route=\/wp\/v2\/posts\/9381\/revisions"}],"wp:featuredmedia":[{"embeddable":true,"href":"https:\/\/www.thereportzone.it\/index.php?rest_route=\/"}],"wp:attachment":[{"href":"https:\/\/www.thereportzone.it\/index.php?rest_route=%2Fwp%2Fv2%2Fmedia&parent=9381"}],"wp:term":[{"taxonomy":"category","embeddable":true,"href":"https:\/\/www.thereportzone.it\/index.php?rest_route=%2Fwp%2Fv2%2Fcategories&post=9381"},{"taxonomy":"post_tag","embeddable":true,"href":"https:\/\/www.thereportzone.it\/index.php?rest_route=%2Fwp%2Fv2%2Ftags&post=9381"}],"curies":[{"name":"wp","href":"https:\/\/api.w.org\/{rel}","templated":true}]}}