{"id":9172,"date":"2016-04-28T14:40:43","date_gmt":"2016-04-28T14:40:43","guid":{"rendered":"http:\/\/www.thereportzone.it\/?p=9172"},"modified":"2016-04-28T14:40:43","modified_gmt":"2016-04-28T14:40:43","slug":"punto-della-situazione-rozzera-ad-un-bivio","status":"publish","type":"post","link":"https:\/\/www.thereportzone.it\/?p=9172","title":{"rendered":"ELEZIONI SESSA AURUNCA &#8211; &#8220;Il Punto della Situazione&#8221;: Rozzera ad un bivio"},"content":{"rendered":"<p><strong>28 Aprile 2016 &#8211; SESSA AURUNCA.<\/strong>\u00a0Il punto della situazione: Rozzera ad un bivio\u00a0Ad una settimana pi\u00f9 vicini alle urne, la situazione politica inizia a farsi pi\u00f9 chiara e si pu\u00f2 affermare con sempre pi\u00f9 certezza che il popolo aurunco si affider\u00e0 alla figura politica che pi\u00f9 incarna la tradizionale politica sessana, contraddistinta da una razionale e responsabile politica di riforme.<br \/>\nI dubbi politici che\u00a0 la maggior parte della corrente di centrosinistra aveva manifestato nei confronti della possibile candidatura di una figura geograficamente lontana dalle istanze quotidiane dei cittadini, quale quella del dott. Ascanio Rozzera, assume sempre pi\u00f9 le sembianze di una metaforica e politica \u201csconfitta di Lipsia\u201d. L\u2019ex dirigente ACI, infatti, solo poche settimane fa aveva dichiarato di essersi tirato fuori dalla corsa al titolo di sindaco di Sessa Aurunca. Passati per\u00f2 i\u00a0 metaforici \u201ccento giorni\u201d in esilio sulla sua isola di Elba, Ascanio Rozzera ha annunciato il suo ritorno sulla scena, come leader della coalizione guidata da GCR e Passione Democratica.<br \/>\nIn tal senso, se il movimento civico \u201cGenerazione Aurunca\u201d, che fino ad ora ha portato avanti un coerente progetto di composizione delle\u00a0 liste, dovesse decidere di\u00a0 appoggiare la candidatura a sindaco di Rozzera, rinunciando dunque all\u2019avv.Alberto Verrengia, che potrebbe farsi da parte, virerebbe con decisione\u00a0 i suoi progetti, spostando quanto di buono fatto durante i loro 5 anni di esistenza su una figura diversa a quella del loro leader, con la consapevolezza di poter andare incontro ad una moderna Waterloo politica.<br \/>\nD&#8217;altronde, la cittadinanza , come gi\u00e0 aveva espresso in passato, sente sempre pi\u00f9 il bisogno di una figura locale, come l\u2019Avv. Alberto Verrengia, appunto, o l\u2019assennata guida \u201cde facto\u201d e \u201cde iure\u201d, Segretario nonch\u00e9 candidato Sindaco del Partito Democratico che possa realmente comprendere le problematiche che affliggono i cittadini, e possa andare oltre ad una campagna politica fatta di retorica e buoni propositi, ed attuare materialmente quello che possa essere un vero\u00a0 rinnovamento della nostra cittadina.<br \/>\nIl gruppo facente riferimento all\u2019attuale Maggioranza, quasi sicuramente capitanato ancora dall\u2019attuale Sindaco Tommasino, appare,invece, elettoralmente pi\u00f9 indietro.<br \/>\nIl Movimento 5 Stelle \u00e8 ancora in attesa che la propria lista venga certificata, e rimane a guardare mentre in alcuni Comuni della Campania, tra i quali Carinola, il processo di certificazione \u00e8\u00a0 gi\u00e0 giunto a compimento.<\/p>\n<p style=\"text-align: right;\"><strong><em>Il Punto della Situazione \u00e8 una rubrica politica a cura dell&#8217;Osservatorio Elettorale di Sessa Aurunca<\/em><\/strong><\/p>\n<p>&nbsp;<\/p>\n","protected":false},"excerpt":{"rendered":"<p>28 Aprile 2016 &#8211; SESSA AURUNCA.\u00a0Il punto della situazione: Rozzera ad un bivio\u00a0Ad una settimana pi\u00f9 vicini alle<\/p>\n","protected":false},"author":2,"featured_media":9173,"comment_status":"closed","ping_status":"closed","sticky":false,"template":"","format":"standard","meta":{"sfsi_plus_gutenberg_text_before_share":"","sfsi_plus_gutenberg_show_text_before_share":"","sfsi_plus_gutenberg_icon_type":"","sfsi_plus_gutenberg_icon_alignemt":"","sfsi_plus_gutenburg_max_per_row":"","footnotes":""},"categories":[9,2968],"tags":[],"class_list":["post-9172","post","type-post","status-publish","format-standard","has-post-thumbnail","hentry","category-politica","category-sessa-aurunca"],"_links":{"self":[{"href":"https:\/\/www.thereportzone.it\/index.php?rest_route=\/wp\/v2\/posts\/9172"}],"collection":[{"href":"https:\/\/www.thereportzone.it\/index.php?rest_route=\/wp\/v2\/posts"}],"about":[{"href":"https:\/\/www.thereportzone.it\/index.php?rest_route=\/wp\/v2\/types\/post"}],"author":[{"embeddable":true,"href":"https:\/\/www.thereportzone.it\/index.php?rest_route=\/wp\/v2\/users\/2"}],"replies":[{"embeddable":true,"href":"https:\/\/www.thereportzone.it\/index.php?rest_route=%2Fwp%2Fv2%2Fcomments&post=9172"}],"version-history":[{"count":0,"href":"https:\/\/www.thereportzone.it\/index.php?rest_route=\/wp\/v2\/posts\/9172\/revisions"}],"wp:featuredmedia":[{"embeddable":true,"href":"https:\/\/www.thereportzone.it\/index.php?rest_route=\/"}],"wp:attachment":[{"href":"https:\/\/www.thereportzone.it\/index.php?rest_route=%2Fwp%2Fv2%2Fmedia&parent=9172"}],"wp:term":[{"taxonomy":"category","embeddable":true,"href":"https:\/\/www.thereportzone.it\/index.php?rest_route=%2Fwp%2Fv2%2Fcategories&post=9172"},{"taxonomy":"post_tag","embeddable":true,"href":"https:\/\/www.thereportzone.it\/index.php?rest_route=%2Fwp%2Fv2%2Ftags&post=9172"}],"curies":[{"name":"wp","href":"https:\/\/api.w.org\/{rel}","templated":true}]}}