{"id":9157,"date":"2016-04-28T11:57:59","date_gmt":"2016-04-28T11:57:59","guid":{"rendered":"http:\/\/www.thereportzone.it\/?p=9157"},"modified":"2016-04-28T11:57:59","modified_gmt":"2016-04-28T11:57:59","slug":"elezioni-carinola-2","status":"publish","type":"post","link":"https:\/\/www.thereportzone.it\/?p=9157","title":{"rendered":"ELEZIONI CARINOLA &#8211; M5S: &#8220;E&#8217; ufficiale, correremo con una lista certificata&#8221;"},"content":{"rendered":"<p>28 Aprile 2016 &#8211; CARINOLA. &#8220;Come gruppo Movimento Cinque Stelle di Carinola siamo lieti di annunciare che correremo con una lista certificata alle prossime elezioni amministrative del 5 giugno. Dopo tante settimane di attesa finalmente possiamo affermare con certezza che la nostra non sar\u00e0 una lista civica bens\u00ec una lista che si rif\u00e0 ad un Movimento nazionale ed \u00e8 questo il nostro pi\u00f9 grande traguardo.<br \/>\nE&#8217; noto a tutti che il nostro Comune non naviga in buone acque ed \u00e8 proprio questo che ci ha spinto pi\u00f9 di ogni altra cosa a presentarci in questa competizione al fine di cercare di risollevare il nostro territorio e riuscire a ridare una speranza a tutti i cittadini ma soprattutto ai giovani che sempre di pi\u00f9 decidono di scappar via dalla nostra terra. Il nostro candidato sindaco \u00e8 un avvocato molto apprezzato ed inoltre ha svolto in passato numerosi incarichi da manager per grandi societ\u00e0 quindi \u00e8 senza alcun dubbio una persona sulla quale fare affidamento in forza delle sue grandi doti da professionista e profondo conoscitore del mondo del lavoro.<br \/>\nLa nostra \u00e8 una lista composta da persone che mai si sono candidate in passato e che sono prontissime a dare il massimo per il proprio Comune seguendo quelli che sono i principi cardini del M5S: onest\u00e0, trasparenza e competenze! Stiamo concludendo il nostro programma che a breve presenteremo alla popolazione carinolese unitamente a quelli che sono i nostri candidati.&#8221;<\/p>\n<p style=\"text-align: right;\"><strong><em>Renato Luigi De Spirito, candidato consigliere e addetto alla comunicazione<\/em><\/strong><\/p>\n","protected":false},"excerpt":{"rendered":"<p>28 Aprile 2016 &#8211; CARINOLA. &#8220;Come gruppo Movimento Cinque Stelle di Carinola siamo lieti di annunciare che correremo<\/p>\n","protected":false},"author":2,"featured_media":7764,"comment_status":"closed","ping_status":"closed","sticky":false,"template":"","format":"standard","meta":{"sfsi_plus_gutenberg_text_before_share":"","sfsi_plus_gutenberg_show_text_before_share":"","sfsi_plus_gutenberg_icon_type":"","sfsi_plus_gutenberg_icon_alignemt":"","sfsi_plus_gutenburg_max_per_row":"","footnotes":""},"categories":[2973,3151,9],"tags":[],"class_list":["post-9157","post","type-post","status-publish","format-standard","has-post-thumbnail","hentry","category-carinola","category-elezioni-comunali-a-carinola","category-politica"],"_links":{"self":[{"href":"https:\/\/www.thereportzone.it\/index.php?rest_route=\/wp\/v2\/posts\/9157"}],"collection":[{"href":"https:\/\/www.thereportzone.it\/index.php?rest_route=\/wp\/v2\/posts"}],"about":[{"href":"https:\/\/www.thereportzone.it\/index.php?rest_route=\/wp\/v2\/types\/post"}],"author":[{"embeddable":true,"href":"https:\/\/www.thereportzone.it\/index.php?rest_route=\/wp\/v2\/users\/2"}],"replies":[{"embeddable":true,"href":"https:\/\/www.thereportzone.it\/index.php?rest_route=%2Fwp%2Fv2%2Fcomments&post=9157"}],"version-history":[{"count":0,"href":"https:\/\/www.thereportzone.it\/index.php?rest_route=\/wp\/v2\/posts\/9157\/revisions"}],"wp:featuredmedia":[{"embeddable":true,"href":"https:\/\/www.thereportzone.it\/index.php?rest_route=\/"}],"wp:attachment":[{"href":"https:\/\/www.thereportzone.it\/index.php?rest_route=%2Fwp%2Fv2%2Fmedia&parent=9157"}],"wp:term":[{"taxonomy":"category","embeddable":true,"href":"https:\/\/www.thereportzone.it\/index.php?rest_route=%2Fwp%2Fv2%2Fcategories&post=9157"},{"taxonomy":"post_tag","embeddable":true,"href":"https:\/\/www.thereportzone.it\/index.php?rest_route=%2Fwp%2Fv2%2Ftags&post=9157"}],"curies":[{"name":"wp","href":"https:\/\/api.w.org\/{rel}","templated":true}]}}