{"id":9093,"date":"2016-04-26T17:49:39","date_gmt":"2016-04-26T17:49:39","guid":{"rendered":"http:\/\/www.thereportzone.it\/?p=9093"},"modified":"2016-04-26T17:49:39","modified_gmt":"2016-04-26T17:49:39","slug":"caso-stefano-graziano-si-autosospende-dal-pd-le-dichiarazioni","status":"publish","type":"post","link":"https:\/\/www.thereportzone.it\/?p=9093","title":{"rendered":"IL CASO &#8211; Stefano Graziano si autosospende dal PD: le dichiarazioni"},"content":{"rendered":"<p><strong>26 Aprile 2016 &#8211; CRONACA<\/strong>.\u00a0Dichiarazione di Stefano Graziano: &#8220;Nell&#8217;esprimere la massima fiducia nell&#8217;operato della magistratura, con grande sofferenza, comunico la mia autosospensione dal Partito Democratico in attesa di chiarire, al di l\u00e0 di ogni anche generico sospetto, la mia posizione. Ho sempre agito, nel corso della mia carriera politica, nel pieno rispetto dei principi di trasparenza e legalit\u00e0, per me imprescindibili regole di vita.<br \/>\nPertanto, ho conferito mandato al mio legale di attivarsi presso la procura napoletana perch\u00e9 al pi\u00f9 presto venga fissato un interrogatorio nel corso del quale potr\u00f2 fornire ogni spiegazione sui fatti che l&#8217;Autorit\u00e0 giudiziaria riterr\u00e0 di dover approfondire, confermando la mia totale estraneit\u00e0 a qualsiasi vicenda illecita&#8221;.<\/p>\n","protected":false},"excerpt":{"rendered":"<p>26 Aprile 2016 &#8211; CRONACA.\u00a0Dichiarazione di Stefano Graziano: &#8220;Nell&#8217;esprimere la massima fiducia nell&#8217;operato della magistratura, con grande sofferenza,<\/p>\n","protected":false},"author":2,"featured_media":9087,"comment_status":"closed","ping_status":"closed","sticky":false,"template":"","format":"standard","meta":{"sfsi_plus_gutenberg_text_before_share":"","sfsi_plus_gutenberg_show_text_before_share":"","sfsi_plus_gutenberg_icon_type":"","sfsi_plus_gutenberg_icon_alignemt":"","sfsi_plus_gutenburg_max_per_row":"","footnotes":""},"categories":[6,9],"tags":[],"class_list":["post-9093","post","type-post","status-publish","format-standard","has-post-thumbnail","hentry","category-caserta","category-politica"],"_links":{"self":[{"href":"https:\/\/www.thereportzone.it\/index.php?rest_route=\/wp\/v2\/posts\/9093"}],"collection":[{"href":"https:\/\/www.thereportzone.it\/index.php?rest_route=\/wp\/v2\/posts"}],"about":[{"href":"https:\/\/www.thereportzone.it\/index.php?rest_route=\/wp\/v2\/types\/post"}],"author":[{"embeddable":true,"href":"https:\/\/www.thereportzone.it\/index.php?rest_route=\/wp\/v2\/users\/2"}],"replies":[{"embeddable":true,"href":"https:\/\/www.thereportzone.it\/index.php?rest_route=%2Fwp%2Fv2%2Fcomments&post=9093"}],"version-history":[{"count":0,"href":"https:\/\/www.thereportzone.it\/index.php?rest_route=\/wp\/v2\/posts\/9093\/revisions"}],"wp:featuredmedia":[{"embeddable":true,"href":"https:\/\/www.thereportzone.it\/index.php?rest_route=\/"}],"wp:attachment":[{"href":"https:\/\/www.thereportzone.it\/index.php?rest_route=%2Fwp%2Fv2%2Fmedia&parent=9093"}],"wp:term":[{"taxonomy":"category","embeddable":true,"href":"https:\/\/www.thereportzone.it\/index.php?rest_route=%2Fwp%2Fv2%2Fcategories&post=9093"},{"taxonomy":"post_tag","embeddable":true,"href":"https:\/\/www.thereportzone.it\/index.php?rest_route=%2Fwp%2Fv2%2Ftags&post=9093"}],"curies":[{"name":"wp","href":"https:\/\/api.w.org\/{rel}","templated":true}]}}