{"id":9042,"date":"2016-04-25T07:31:20","date_gmt":"2016-04-25T07:31:20","guid":{"rendered":"http:\/\/www.thereportzone.it\/?p=9042"},"modified":"2016-04-25T07:31:20","modified_gmt":"2016-04-25T07:31:20","slug":"elezioni-carinola-centro-sinistra-settimana-cruciale-giacca-sul-serio-agenda-fitta-incontri","status":"publish","type":"post","link":"https:\/\/www.thereportzone.it\/?p=9042","title":{"rendered":"ELEZIONI CARINOLA &#8211; Centro sinistra: settimana cruciale. Giacca fa sul serio: agenda fitta di incontri"},"content":{"rendered":"<p><strong>25 Aprile &#8211; CARINOLA.<\/strong>\u00a0Venerd\u00ec alle ore 14.30 il comitato che si \u00e8 fatto garante per la scelta del candidato sindaco e quindi anche per i papabili consiglieri delucider\u00e0 l\u2019assemblea del PD su quelle che saranno le consultazioni con le forze politiche\u00a0 ed i gruppi civici del territorio. La coordinatrice del partito democratico Laura Passaretti ha reso noto tramite un comunicato quelle che sono le direttive della settimana appena iniziata. La scelta dovrebbe essere circoscritta a Franco Di Biasio o Luigi Maria Verrengia, presenti all\u2019ultimo incontro che si \u00e8 svolto sabato pomeriggio.<br \/>\nC\u2019\u00e8 curiosit\u00e0 sulla risposta che potrebbe il\u00a0 consigliere Franco Giacca (agenda fitta di incontri per l\u2019esponente ex An) che ha lanciato gi\u00e0 da tempo\u00a0 la lista \u201cpronti per Carinola\u201d\u00a0 e che a scanso di equivoci ha confermato di voler scendere in campo in qualit\u00e0 di candidato sindaco. Cosa far\u00e0 \u201cMovimento Inverso\u201d che sostiene la candidatura dell\u2019ex vice sindaco Verrengia? Quale sar\u00e0 la linea dei gruppi che si sono definiti \u201cindipendenti\u201d? Che posizione assumeranno quelli di \u201cCitt\u00e0 futura\u201d di cui far parte l\u2019assessore Antimo Marrese, il quale non senza peli sulla lingua e da esperto politico ha apertamente contestato il modus operandi del PD sulla scelta del candidato? Tutti gli scenari sono aperti.<br \/>\nIl 5 giugno si potrebbero vedere in campo almeno 4 schieramenti. Infatti oltre a quella che sar\u00e0 capeggiata da Di Biasio o Verrengia, si aggiunge quella di Giacca, Di Cresce (M5S) e poi staremo a vedere chi potr\u00e0 essere designato nel centro destra tra Pasquale Migliozzi, Rosa Di Maio e Antonio Russo. Potrebbe esserci un accordo politico tra quest\u2019ultimi e \u201cCitt\u00e0 futura\u201d per una lista unica. (<strong>GI. Esse<\/strong>)<\/p>\n<blockquote><p><strong>&gt;&gt; QUI DI SEGUITO IL COMUNICATO STAMPA UFFICIALE DIFFUSO DAL PARTITO DEMOCRATICO IERI&lt;&lt;&lt;<\/strong><\/p><\/blockquote>\n<p><em>Questo pomeriggio dalle ore 15,00 alle ore 19,00\u00a0 si \u00e8 riunito il comitato PD per la designazione del candidato Sindaco nelle persone di Carlo Ceraldi, Enzo Cecaro, Letizia Di Stasio, Alessandro Tuozzi, Alfano Rossi, Benito Migliozzi, Mario Tuozzi, Gennaro Mannillo, Laura Passaretti.<\/em><br \/>\n<em>Dopo un ampio e approfondito confronto tra tutti i componenti del comitato, nonch\u00e9 con i potenziali candidati alla sindacatura Franco Di Biasio e Luigi Maria Verrengia, in merito alle modalit\u00e0 per addivenire alla designazione, viene deciso all\u2019unanimit\u00e0 di conferire mandato esplorativo ai suddetti per la consultazione dei gruppi politici e dei movimenti civici presenti sul territorio interessati a costruire un progetto politico amministrativo in alternativa all\u2019attuale maggioranza.<\/em><br \/>\n<em>Si decide altres\u00ec che in data 29-04-2016 alle ore 14,30 il comitato si riunir\u00e0 allo scopo di valutare le risultanze della consultazione al fine di poter decidere in merito alla designazione del candidato alla carica di Sindaco per le imminenti elezioni amministrative.<\/em><br \/>\n&nbsp;<\/p>\n","protected":false},"excerpt":{"rendered":"<p>25 Aprile &#8211; CARINOLA.\u00a0Venerd\u00ec alle ore 14.30 il comitato che si \u00e8 fatto garante per la scelta del<\/p>\n","protected":false},"author":2,"featured_media":2940,"comment_status":"closed","ping_status":"closed","sticky":false,"template":"","format":"standard","meta":{"sfsi_plus_gutenberg_text_before_share":"","sfsi_plus_gutenberg_show_text_before_share":"","sfsi_plus_gutenberg_icon_type":"","sfsi_plus_gutenberg_icon_alignemt":"","sfsi_plus_gutenburg_max_per_row":"","footnotes":""},"categories":[2973,3151],"tags":[],"class_list":["post-9042","post","type-post","status-publish","format-standard","has-post-thumbnail","hentry","category-carinola","category-elezioni-comunali-a-carinola"],"_links":{"self":[{"href":"https:\/\/www.thereportzone.it\/index.php?rest_route=\/wp\/v2\/posts\/9042"}],"collection":[{"href":"https:\/\/www.thereportzone.it\/index.php?rest_route=\/wp\/v2\/posts"}],"about":[{"href":"https:\/\/www.thereportzone.it\/index.php?rest_route=\/wp\/v2\/types\/post"}],"author":[{"embeddable":true,"href":"https:\/\/www.thereportzone.it\/index.php?rest_route=\/wp\/v2\/users\/2"}],"replies":[{"embeddable":true,"href":"https:\/\/www.thereportzone.it\/index.php?rest_route=%2Fwp%2Fv2%2Fcomments&post=9042"}],"version-history":[{"count":0,"href":"https:\/\/www.thereportzone.it\/index.php?rest_route=\/wp\/v2\/posts\/9042\/revisions"}],"wp:featuredmedia":[{"embeddable":true,"href":"https:\/\/www.thereportzone.it\/index.php?rest_route=\/"}],"wp:attachment":[{"href":"https:\/\/www.thereportzone.it\/index.php?rest_route=%2Fwp%2Fv2%2Fmedia&parent=9042"}],"wp:term":[{"taxonomy":"category","embeddable":true,"href":"https:\/\/www.thereportzone.it\/index.php?rest_route=%2Fwp%2Fv2%2Fcategories&post=9042"},{"taxonomy":"post_tag","embeddable":true,"href":"https:\/\/www.thereportzone.it\/index.php?rest_route=%2Fwp%2Fv2%2Ftags&post=9042"}],"curies":[{"name":"wp","href":"https:\/\/api.w.org\/{rel}","templated":true}]}}