{"id":8712,"date":"2016-04-17T08:42:08","date_gmt":"2016-04-17T08:42:08","guid":{"rendered":"http:\/\/www.thereportzone.it\/?p=8712"},"modified":"2016-04-17T08:42:08","modified_gmt":"2016-04-17T08:42:08","slug":"elezioni-carinola-de-risi-programma-la-riduzione-delle-tasse","status":"publish","type":"post","link":"https:\/\/www.thereportzone.it\/?p=8712","title":{"rendered":"ELEZIONI CARINOLA &#8211; De Risi programma la riduzione delle tasse"},"content":{"rendered":"<p><strong>17 Aprile 2016 &#8211; CARINOLA<\/strong>.\u00a0Il sindaco uscente Luigi De Risi. Quest\u2019ultimo rimarca di non aver contratto ulteriori debiti nell\u2019arco di questo quinquennio e che quelli rimanenti (circa 16milioni di euro) saranno pagati per i prossimi trent\u2019anni. Chiaro che si deve proseguire sulla strada di cogliere in fallo i \u201cfurbetti\u201d che non pagano mai. Mentre il numero uno del governo locale fa questi discorsi, c\u2019\u00e8 fermento per la presentazione delle liste. Ancora tentennamenti sul nome di Franco Di Biasio per quanto concerne il centro sinistra. Difficile comunque ipotizzare scenari diversi.<br \/>\nLa coalizione del centro sinistra sembrerebbe quella al momento pi\u00f9 organizzata. Cos\u00ec come sembra non avere dubbi il neo gruppo politico \u201cAzione Carinola\u201d che sar\u00e0 guidato dal dottor Franco Giacca in qualit\u00e0 di candidato sindaco. Franco Biasio, Franco Giacca, Pasquale Migliozzi e Sisto Di Cresce. Sono questi al momento i pi\u00f9 accreditati per correre come primo cittadino. \u00a0Il dubbio sembra esserci solo sul candidato per l\u2019area NPSI di Grimaldi (ovvero Migliozzi) infatti bisogna capire come andr\u00e0 a finire la contesa intera tra Rosa Di Maio ed Antonio Russo. Quest\u2019ultimo \u00e8 dato per favorito nei confronti di entrambi i contendenti. Domani inoltre verr\u00e0 presa una decisione anche da parte del gruppo che fa capo agli \u201cindipendenti\u201d\u00a0\u00a0 di cui \u00e8 portavoce Giovanni Micillo. Mentre poco decifrabile \u00e8 al momento la posizione del Movimento Inverso qualora Verrengia si accodi alle direttive del suo partito.<\/p>\n<p style=\"text-align: right;\"><strong><em>GI.Esse<\/em><\/strong><\/p>\n","protected":false},"excerpt":{"rendered":"<p>17 Aprile 2016 &#8211; CARINOLA.\u00a0Il sindaco uscente Luigi De Risi. Quest\u2019ultimo rimarca di non aver contratto ulteriori debiti<\/p>\n","protected":false},"author":2,"featured_media":7761,"comment_status":"closed","ping_status":"closed","sticky":false,"template":"","format":"standard","meta":{"sfsi_plus_gutenberg_text_before_share":"","sfsi_plus_gutenberg_show_text_before_share":"","sfsi_plus_gutenberg_icon_type":"","sfsi_plus_gutenberg_icon_alignemt":"","sfsi_plus_gutenburg_max_per_row":"","footnotes":""},"categories":[2973,3151],"tags":[],"class_list":["post-8712","post","type-post","status-publish","format-standard","has-post-thumbnail","hentry","category-carinola","category-elezioni-comunali-a-carinola"],"_links":{"self":[{"href":"https:\/\/www.thereportzone.it\/index.php?rest_route=\/wp\/v2\/posts\/8712"}],"collection":[{"href":"https:\/\/www.thereportzone.it\/index.php?rest_route=\/wp\/v2\/posts"}],"about":[{"href":"https:\/\/www.thereportzone.it\/index.php?rest_route=\/wp\/v2\/types\/post"}],"author":[{"embeddable":true,"href":"https:\/\/www.thereportzone.it\/index.php?rest_route=\/wp\/v2\/users\/2"}],"replies":[{"embeddable":true,"href":"https:\/\/www.thereportzone.it\/index.php?rest_route=%2Fwp%2Fv2%2Fcomments&post=8712"}],"version-history":[{"count":0,"href":"https:\/\/www.thereportzone.it\/index.php?rest_route=\/wp\/v2\/posts\/8712\/revisions"}],"wp:featuredmedia":[{"embeddable":true,"href":"https:\/\/www.thereportzone.it\/index.php?rest_route=\/"}],"wp:attachment":[{"href":"https:\/\/www.thereportzone.it\/index.php?rest_route=%2Fwp%2Fv2%2Fmedia&parent=8712"}],"wp:term":[{"taxonomy":"category","embeddable":true,"href":"https:\/\/www.thereportzone.it\/index.php?rest_route=%2Fwp%2Fv2%2Fcategories&post=8712"},{"taxonomy":"post_tag","embeddable":true,"href":"https:\/\/www.thereportzone.it\/index.php?rest_route=%2Fwp%2Fv2%2Ftags&post=8712"}],"curies":[{"name":"wp","href":"https:\/\/api.w.org\/{rel}","templated":true}]}}