{"id":8702,"date":"2016-04-16T14:57:36","date_gmt":"2016-04-16T14:57:36","guid":{"rendered":"http:\/\/www.thereportzone.it\/?p=8702"},"modified":"2016-04-16T14:57:36","modified_gmt":"2016-04-16T14:57:36","slug":"elezioni-carinola-franco-biasio-pronto-la-contesa-politica","status":"publish","type":"post","link":"https:\/\/www.thereportzone.it\/?p=8702","title":{"rendered":"ELEZIONI CARINOLA &#8211; Franco Di Biasio pronto per affrontare la contesa politica"},"content":{"rendered":"<p><strong>16 Aprile 2016 &#8211; CARINOLA<\/strong>.\u00a0Ancora 24 ore di pausa di riflessione per quanto concerne la questione candidatura nel centro sinistra. Ottimista in tal senso \u00e8 l\u2019assessore Antimo Marrese che sottolinea come il gruppo \u201cCitt\u00e0 Futura\u201d ed il Partito democratico si debbano unire per una coalizione unica.\u00a0 Ed inoltre l\u2019esponente della maggioranza uscente mette in evidenza che b\u201c<em>La candidatura di Franco Di Biasio parte da lontano, ovvero prima del tesseramento, ora gli scenari sono un po\u2019 cambiati, ma l\u2019auspicio \u00e8 che si trovi a breve una sintesi definitiva<\/em>\u201d . Nessun problema pare esserci nemmeno con l\u2019ex vice sindaco Luigi Verrengia.<br \/>\nIl via libera definitivo alla candidatura di Franco Di Biasio da parte anche dei vertici provinciali \u00e8 ormai cosa certa. \u201cCitt\u00e0 futura\u201d creata dal sindaco uscente Luigi De Risi si alleer\u00e0 quindi quasi certamente con la coalizione \u201cdem\u201d. Della contesa politica far\u00e0 parte come gi\u00e0 detto anche il dottor Franco Giacca che vede schierati al suo fianco gli ex alleanzini Mattia Di Lorenzo, Sergio La Vecchia, Vincenzo D&#8217;Ausilio, Roberto Palmieri, Pino Palmese. A questi nomi (quasi tutti schierati la scorsa tornata elettorale con la lista di Galdieri )se ne aggiungeranno altri. Infatti stando alla nota inviata dall\u2019ex assessore Di Lorenzo i papabili consiglieri sono in eccedenza. Insomma la sfida \u00e8 stata lanciata. Chi vorr\u00e0 stare con la coalizione \u201cAzione Carinola\u201d dovr\u00e0 deciderlo in fretta perch\u00e9 i posti in lista sono pochissimi. Sul fronte NPSI non giungono novit\u00e0. Ad oggi come noto il candidato sindaco \u00e8 l\u2019Ingegnere Pasquale Migliozzi.<\/p>\n<p style=\"text-align: right;\"><strong><em>GI.Esse<\/em><\/strong><\/p>\n","protected":false},"excerpt":{"rendered":"<p>16 Aprile 2016 &#8211; CARINOLA.\u00a0Ancora 24 ore di pausa di riflessione per quanto concerne la questione candidatura nel<\/p>\n","protected":false},"author":2,"featured_media":7760,"comment_status":"closed","ping_status":"closed","sticky":false,"template":"","format":"standard","meta":{"sfsi_plus_gutenberg_text_before_share":"","sfsi_plus_gutenberg_show_text_before_share":"","sfsi_plus_gutenberg_icon_type":"","sfsi_plus_gutenberg_icon_alignemt":"","sfsi_plus_gutenburg_max_per_row":"","footnotes":""},"categories":[2973,3151],"tags":[],"class_list":["post-8702","post","type-post","status-publish","format-standard","has-post-thumbnail","hentry","category-carinola","category-elezioni-comunali-a-carinola"],"_links":{"self":[{"href":"https:\/\/www.thereportzone.it\/index.php?rest_route=\/wp\/v2\/posts\/8702"}],"collection":[{"href":"https:\/\/www.thereportzone.it\/index.php?rest_route=\/wp\/v2\/posts"}],"about":[{"href":"https:\/\/www.thereportzone.it\/index.php?rest_route=\/wp\/v2\/types\/post"}],"author":[{"embeddable":true,"href":"https:\/\/www.thereportzone.it\/index.php?rest_route=\/wp\/v2\/users\/2"}],"replies":[{"embeddable":true,"href":"https:\/\/www.thereportzone.it\/index.php?rest_route=%2Fwp%2Fv2%2Fcomments&post=8702"}],"version-history":[{"count":0,"href":"https:\/\/www.thereportzone.it\/index.php?rest_route=\/wp\/v2\/posts\/8702\/revisions"}],"wp:featuredmedia":[{"embeddable":true,"href":"https:\/\/www.thereportzone.it\/index.php?rest_route=\/"}],"wp:attachment":[{"href":"https:\/\/www.thereportzone.it\/index.php?rest_route=%2Fwp%2Fv2%2Fmedia&parent=8702"}],"wp:term":[{"taxonomy":"category","embeddable":true,"href":"https:\/\/www.thereportzone.it\/index.php?rest_route=%2Fwp%2Fv2%2Fcategories&post=8702"},{"taxonomy":"post_tag","embeddable":true,"href":"https:\/\/www.thereportzone.it\/index.php?rest_route=%2Fwp%2Fv2%2Ftags&post=8702"}],"curies":[{"name":"wp","href":"https:\/\/api.w.org\/{rel}","templated":true}]}}