{"id":8645,"date":"2016-04-14T20:13:02","date_gmt":"2016-04-14T20:13:02","guid":{"rendered":"http:\/\/www.thereportzone.it\/?p=8645"},"modified":"2016-04-14T20:13:02","modified_gmt":"2016-04-14T20:13:02","slug":"elezioni-carinola-pd-ce-aria-rivolta","status":"publish","type":"post","link":"https:\/\/www.thereportzone.it\/?p=8645","title":{"rendered":"ELEZIONI CARINOLA &#8211; PD: C&#8217;\u00e8 aria di rivolta"},"content":{"rendered":"<div id=\"&quot;google_image_div&quot;\">\n<div data-ifc=\"&quot;[[[&amp;quot;10,10,10,10&amp;quot;,null,null,2,4],[null,1000,9,2,4]]]&quot;\">\nELEZIONI CARINOLA. \u00c8 in rivolta la base del Pd. A poche ore dalla riunione plenaria prevista per questo fine settimana, che si annuncia rovente, gli iscritti Dem carinolesi tradiscono segnali di insofferenza.\u00a0Basiti di fronte al dualismo che investe direttamente la famiglia Di Biasio, alle prese con l&#8217;indomabile incaponimento di Franco, Consigliere comunale uscente, determinato ad anteporre le sorti della sua carriera personale a quelle pi\u00f9 generali del resto del partito, ormai tollerano a fatica il clima di litigiosita&#8217; che\u00a0 segna il coordinamento comunale. Lo scoglio della designazione del candidato Sindaco, ha scavato un solco profondo che sar\u00e0 difficile ripianare. Tra le accese contestazioni che come colpi di artiglieria\u00a0 squarciano la corazzata PD,spicca quella di utilizzare un luogo non propriamente legittimo per definire assetti e strategie.<\/p>\n<div id=\"div-gpt-ad-1454063420758-0\"><\/div>\n<p>Tenuta all&#8217;oscuro di tutto\u00a0 la comunit\u00e0 dei tesserati punta l&#8217;indice proprio contro\u00a0 Franco Di Biasio, che si\u00a0 ritrova sul banco degli imputati. A lui i militanti Dem recriminano di intessere trame con la sponda, estranea al Pd,di Pasquale Galdieri. Sembrerebbe infatti che incontri, audizioni, cene di lavoro con diversi esponenti del mondo politico locale , si siano svolti proprio\u00a0 presso l&#8217;agriturismo di propriet\u00e0 di Galdieri in Falciano del Massico.\u00a0 Circostanza che ha urtato la suscettibilit\u00e0 degli aderenti al partito di Renzi che avrebbero invece gradito circoscrivere dibattito e trattative all&#8217;interno del perimetro della sede comunale, al cospetto del direttivo in carica.\u00a0 Un excursus\u00a0 tra la comunit\u00e0 militante ha fornito l&#8217;esatta entit\u00e0 del malessere. \u00abVogliamo sapere se la sede del Pd \u00e8 quella dei locali siti in piazza a Nocelleto o invece \u00e8\u00a0 l&#8217;agriturismo di\u00a0 Pasquale Galdieri, ci dice\u00a0 L.D., decano del partito. Perch\u00e9 se cos\u00ec -prosegue -allora facciamo il trasloco cos\u00ec risparmiamo pure l&#8217;affitto\u00bb. Gli fa eco G.S. che dichiara: \u00abOra basta, chi non segue i canali ufficiali deve essere sanzionato con i provvedimenti disciplinari del caso,si chiami Pinco Pallo o Franco Di Biasio, non cambia nulla\u00bb. Non meno polemico\u00a0 M.M.che si scaglia frontalmente\u00a0 contro Galdieri: \u00abChe c&#8217;entra lui col Pd? A me aveva detto, lasciandomi senza parole, non pi\u00f9 di 20 giorni fa, di non sopportare i Di Biasio e di preferire De Risi e ora invece ficcanasa nelle nostre cose? Franco Di Biasio ne prenda le distanze\u00bb. Giudizio piccato anche quello di T.C. \u00abFranco deve coinvolgere la base,evitando fughe in avanti.Non pu\u00f2\u00a0 trattare-puntualizza- in privato con Pasquale Galdieri sul quale persino Movimento Inverso ha oggi grandi riserve, dopo una iniziale\u00a0 infatuazione .E poi-aggiunge- fossi in Franco prenderei\u00a0 atto che Galdieri\u00a0 non vince una sfida politica neppure alla play station:ha sempre perso. \u00c8\u00a0 come Toto Cutugno a Sanremo\u00bb. Insomma, aria pesante. Alla luce della\u00a0 quale il vertice dei prossimi giorni ha elevate probabilit\u00e0 di degenerare in\u00a0 una notte dai lunghi coltelli.\n<\/p><\/div>\n<p style=\"text-align: right;\">Fonte: CasertaFocus<\/p>\n<\/div>\n","protected":false},"excerpt":{"rendered":"<p>ELEZIONI CARINOLA. \u00c8 in rivolta la base del Pd. A poche ore dalla riunione plenaria prevista per questo<\/p>\n","protected":false},"author":2,"featured_media":8361,"comment_status":"closed","ping_status":"closed","sticky":false,"template":"","format":"standard","meta":{"sfsi_plus_gutenberg_text_before_share":"","sfsi_plus_gutenberg_show_text_before_share":"","sfsi_plus_gutenberg_icon_type":"","sfsi_plus_gutenberg_icon_alignemt":"","sfsi_plus_gutenburg_max_per_row":"","footnotes":""},"categories":[2973,3151],"tags":[],"class_list":["post-8645","post","type-post","status-publish","format-standard","has-post-thumbnail","hentry","category-carinola","category-elezioni-comunali-a-carinola"],"_links":{"self":[{"href":"https:\/\/www.thereportzone.it\/index.php?rest_route=\/wp\/v2\/posts\/8645"}],"collection":[{"href":"https:\/\/www.thereportzone.it\/index.php?rest_route=\/wp\/v2\/posts"}],"about":[{"href":"https:\/\/www.thereportzone.it\/index.php?rest_route=\/wp\/v2\/types\/post"}],"author":[{"embeddable":true,"href":"https:\/\/www.thereportzone.it\/index.php?rest_route=\/wp\/v2\/users\/2"}],"replies":[{"embeddable":true,"href":"https:\/\/www.thereportzone.it\/index.php?rest_route=%2Fwp%2Fv2%2Fcomments&post=8645"}],"version-history":[{"count":0,"href":"https:\/\/www.thereportzone.it\/index.php?rest_route=\/wp\/v2\/posts\/8645\/revisions"}],"wp:featuredmedia":[{"embeddable":true,"href":"https:\/\/www.thereportzone.it\/index.php?rest_route=\/"}],"wp:attachment":[{"href":"https:\/\/www.thereportzone.it\/index.php?rest_route=%2Fwp%2Fv2%2Fmedia&parent=8645"}],"wp:term":[{"taxonomy":"category","embeddable":true,"href":"https:\/\/www.thereportzone.it\/index.php?rest_route=%2Fwp%2Fv2%2Fcategories&post=8645"},{"taxonomy":"post_tag","embeddable":true,"href":"https:\/\/www.thereportzone.it\/index.php?rest_route=%2Fwp%2Fv2%2Ftags&post=8645"}],"curies":[{"name":"wp","href":"https:\/\/api.w.org\/{rel}","templated":true}]}}