{"id":8619,"date":"2016-04-14T08:29:58","date_gmt":"2016-04-14T08:29:58","guid":{"rendered":"http:\/\/www.thereportzone.it\/?p=8619"},"modified":"2016-04-14T08:29:58","modified_gmt":"2016-04-14T08:29:58","slug":"elezioni-carinola-ore-decisive-la-scelta-dei-candidati","status":"publish","type":"post","link":"https:\/\/www.thereportzone.it\/?p=8619","title":{"rendered":"ELEZIONI CARINOLA &#8211; Ore decisive per la scelta dei candidati"},"content":{"rendered":"<p><strong>14 Aprile 2016 &#8211; CARINOLA.<\/strong>\u00a0Trepidante attesa per l\u2019esito delle riunioni tra i vari gruppi per la scelta dei candidati alle prossime elezioni. L\u2019ex vice sindaco Luigi Maria Verrengia si prende ancora un po\u2019 di tempo prima di decidere cosa fare. Il PD \u00e8 ormai orientato a schierare come candidato sindaco Franco Di Biasio. Si pensa che la questione sia in via di risoluzione, visti anche i tempi ristretti per presentare le liste.<br \/>\nDi Biasio sta stilando la sua squadra di consiglieri all\u2019interno della quale ci dovrebbe far parte anche Pasquale Galdieri che per cinque anni \u00e8 stato all\u2019opposizione con lo stesso esponente \u201cdem\u201d. Prove di dialogo da parte del PD anche con altri gruppi politici che non sono di area centro sinistra, tra cui quello che fa capo al dottor\u00a0 Franco Giacca.<br \/>\nQualora Verrengia si convinca della necessit\u00e0 di tenere unito il partito come auspicato dalla coordinatrice Laura Passaretti, anche Movimento inverso si aggregherebbe alla coalizione intorno Di Biasio. Sono scenari in continua evoluzione. Tutto probabilmente si decider\u00e0 nelle ultime ore. Nel centro destra di area Grimaldiana l\u2019x delegato al PUC Antonio Russo \u00e8 sempre pi\u00f9 favorito come papabile aspirante alla fascia tricolore. Ci\u00f2 andrebbe a discapito della capogruppo di maggioranza Rosa Di Maio.<br \/>\nCos\u00ec come stanno le cose potrebbero essere almeno tre gli schieramenti che scenderebbero in campo. Infatti alle due coalizioni di maggior spessore, si aggiungono quelli del movimento cinque stelle che puntano all\u2019effetto sorpresa. Da decifrare al momento la posizione dell\u2019assessore\u00a0 Antimo Marrese che sostiene il progetto \u201cCarinola citt\u00e0 futura\u201d proposto dal sindaco uscente Luigi De Risi. Al fianco di quest\u2019ultimo ci sarebbero anche Francesco Di Spirito e Antonio Pagano.<\/p>\n<p style=\"text-align: right;\"><strong><em>GI.Esse<\/em><\/strong><\/p>\n\n","protected":false},"excerpt":{"rendered":"<p>14 Aprile 2016 &#8211; CARINOLA.\u00a0Trepidante attesa per l\u2019esito delle riunioni tra i vari gruppi per la scelta dei<\/p>\n","protected":false},"author":2,"featured_media":2940,"comment_status":"closed","ping_status":"open","sticky":false,"template":"","format":"standard","meta":{"sfsi_plus_gutenberg_text_before_share":"","sfsi_plus_gutenberg_show_text_before_share":"","sfsi_plus_gutenberg_icon_type":"","sfsi_plus_gutenberg_icon_alignemt":"","sfsi_plus_gutenburg_max_per_row":"","footnotes":""},"categories":[2973,3151],"tags":[],"class_list":["post-8619","post","type-post","status-publish","format-standard","has-post-thumbnail","hentry","category-carinola","category-elezioni-comunali-a-carinola"],"_links":{"self":[{"href":"https:\/\/www.thereportzone.it\/index.php?rest_route=\/wp\/v2\/posts\/8619"}],"collection":[{"href":"https:\/\/www.thereportzone.it\/index.php?rest_route=\/wp\/v2\/posts"}],"about":[{"href":"https:\/\/www.thereportzone.it\/index.php?rest_route=\/wp\/v2\/types\/post"}],"author":[{"embeddable":true,"href":"https:\/\/www.thereportzone.it\/index.php?rest_route=\/wp\/v2\/users\/2"}],"replies":[{"embeddable":true,"href":"https:\/\/www.thereportzone.it\/index.php?rest_route=%2Fwp%2Fv2%2Fcomments&post=8619"}],"version-history":[{"count":0,"href":"https:\/\/www.thereportzone.it\/index.php?rest_route=\/wp\/v2\/posts\/8619\/revisions"}],"wp:featuredmedia":[{"embeddable":true,"href":"https:\/\/www.thereportzone.it\/index.php?rest_route=\/"}],"wp:attachment":[{"href":"https:\/\/www.thereportzone.it\/index.php?rest_route=%2Fwp%2Fv2%2Fmedia&parent=8619"}],"wp:term":[{"taxonomy":"category","embeddable":true,"href":"https:\/\/www.thereportzone.it\/index.php?rest_route=%2Fwp%2Fv2%2Fcategories&post=8619"},{"taxonomy":"post_tag","embeddable":true,"href":"https:\/\/www.thereportzone.it\/index.php?rest_route=%2Fwp%2Fv2%2Ftags&post=8619"}],"curies":[{"name":"wp","href":"https:\/\/api.w.org\/{rel}","templated":true}]}}