{"id":8373,"date":"2016-04-07T07:10:41","date_gmt":"2016-04-07T07:10:41","guid":{"rendered":"http:\/\/www.thereportzone.it\/?p=8373"},"modified":"2016-04-07T07:10:41","modified_gmt":"2016-04-07T07:10:41","slug":"scontro-tra-auto-e-tir-muore-vncenzo-racia","status":"publish","type":"post","link":"https:\/\/www.thereportzone.it\/?p=8373","title":{"rendered":"Scontro tra auto e Tir, muore il 44 enne Vincenzo Racia"},"content":{"rendered":"<p><strong>7 Aprile 2016 &#8211; CRONACA.<\/strong> Scontro frontale\u00a0nella zona industriale di Teverola un morto ed una donna ferita. Un incidente tragico che \u00e8 costato la vita ad un uomo di 44 anni Vincenzo Racia, che era a bordo della sua automobile. La dinamica \u00e8 ancora incerta. Nei pressi dello stabilimento TNT si \u00e8\u00a0scontrata un&#8217;auto con un Tir. Un scontro frontale. Nel sinistro, poi, \u00e8 rimasto coinvolto anche un terzo veicolo.<br \/>\nSi tratterebbe di una donna che ha riportato diverse fratture a seguito del violento incidente. Immediatamente trasportata all&#8217;ospedale di Aversa. Per la vittima di questo tragico incidente, invece, non c&#8217;\u00e8 stato nulla da fare.\u00a0I sanitari una volta arrivati non hanno potuto fare altro che constatare il decesso dell&#8217;uomo e soccorrere i feriti.<\/p>\n","protected":false},"excerpt":{"rendered":"<p>7 Aprile 2016 &#8211; CRONACA. Scontro frontale\u00a0nella zona industriale di Teverola un morto ed una donna ferita. Un<\/p>\n","protected":false},"author":2,"featured_media":7753,"comment_status":"closed","ping_status":"closed","sticky":false,"template":"","format":"standard","meta":{"sfsi_plus_gutenberg_text_before_share":"","sfsi_plus_gutenberg_show_text_before_share":"","sfsi_plus_gutenberg_icon_type":"","sfsi_plus_gutenberg_icon_alignemt":"","sfsi_plus_gutenburg_max_per_row":"","footnotes":""},"categories":[8],"tags":[19,2898,1148,1022],"class_list":["post-8373","post","type-post","status-publish","format-standard","has-post-thumbnail","hentry","category-cronaca","tag-cronaca","tag-incidente-auto-tir","tag-incidente-teverola","tag-scontro-frontale"],"_links":{"self":[{"href":"https:\/\/www.thereportzone.it\/index.php?rest_route=\/wp\/v2\/posts\/8373"}],"collection":[{"href":"https:\/\/www.thereportzone.it\/index.php?rest_route=\/wp\/v2\/posts"}],"about":[{"href":"https:\/\/www.thereportzone.it\/index.php?rest_route=\/wp\/v2\/types\/post"}],"author":[{"embeddable":true,"href":"https:\/\/www.thereportzone.it\/index.php?rest_route=\/wp\/v2\/users\/2"}],"replies":[{"embeddable":true,"href":"https:\/\/www.thereportzone.it\/index.php?rest_route=%2Fwp%2Fv2%2Fcomments&post=8373"}],"version-history":[{"count":0,"href":"https:\/\/www.thereportzone.it\/index.php?rest_route=\/wp\/v2\/posts\/8373\/revisions"}],"wp:featuredmedia":[{"embeddable":true,"href":"https:\/\/www.thereportzone.it\/index.php?rest_route=\/"}],"wp:attachment":[{"href":"https:\/\/www.thereportzone.it\/index.php?rest_route=%2Fwp%2Fv2%2Fmedia&parent=8373"}],"wp:term":[{"taxonomy":"category","embeddable":true,"href":"https:\/\/www.thereportzone.it\/index.php?rest_route=%2Fwp%2Fv2%2Fcategories&post=8373"},{"taxonomy":"post_tag","embeddable":true,"href":"https:\/\/www.thereportzone.it\/index.php?rest_route=%2Fwp%2Fv2%2Ftags&post=8373"}],"curies":[{"name":"wp","href":"https:\/\/api.w.org\/{rel}","templated":true}]}}