{"id":8212,"date":"2016-04-03T08:40:42","date_gmt":"2016-04-03T08:40:42","guid":{"rendered":"http:\/\/www.thereportzone.it\/?p=8212"},"modified":"2016-04-03T08:40:42","modified_gmt":"2016-04-03T08:40:42","slug":"elezioni-carinola-pd-unito-verrengia-biasio-pole-la-candidatura-sindaco","status":"publish","type":"post","link":"https:\/\/www.thereportzone.it\/?p=8212","title":{"rendered":"ELEZIONI CARINOLA &#8211; PD unito: Verrengia &#8211; Di Biasio in pole per la candidatura a sindaco"},"content":{"rendered":"<p><strong>3 Aprile 2016 &#8211; CARINOLA.<\/strong>\u00a0Marted\u00ec potrebbe esserci la resa dei conti all\u2019interno del PD per decidere chi sar\u00e0 a scendere in campo come candidato sindaco. La segretaria Laura Passaretti. ha reso noto che dopo la riunione del coordinamento di venerd\u00ec si \u00e8 constato come anche il consigliere Luigi Maria Verrengia voglia l\u2019unit\u00e0 del partito. Il nodo \u00e8 che prima del tesseramento il coordinamento ha gi\u00e0 dato la sua indicazione del papabile aspirante alla fascia tricolore, ovvero Franco Di Biasio. Ma la voglia di tenere unito il partito ha comunque indotto la coordinatrice locale a dare una chance all\u2019ex vice sindaco Luigi Maria Verrengia che ha esposto le sue rimostranze politiche di aspirare alla candidatura di primo cittadino.<br \/>\nL\u2019idea di base come detto \u00e8 quella di andare senza \u201cdivisioni interne\u201d. Entrambi i contendenti chiamati in causa dovrebbero quindi accettare le decisioni successive del coordinamento stesso. In effetti va valutato in questo contesto anche la posizione di alcuni papabili consiglieri che gi\u00e0 si sono resi disponibili alla loro candidatura a sostegno di Franco Di Biasio. Tra questi Domenico D\u2019Angelo, Giovanni Giramma e Severino Di Cresce. Le cose quindi potrebbero anche cambiare qualora la scelta non fosse fatta pi\u00f9 su Di Biasio.\u00a0 Si dovranno attendere quindi altre 48 ore per capire meglio come il PD intende andare ad affrontare lo scontro elettorale con la parte avversa. Ci saranno anche altri incontri con i gruppi civici che si sono manifestati durante questa fase pre \u2013 elettorale.<br \/>\nCos\u00ec come confermato dalla Passaretti. Nell\u2019ambito del centrodestra invece permane una situazione di incertezza anche se la candidatura dell\u2019Ingegnere Pasquale Migliozzi non sembra essere messa in discussione. Il nodo principale \u00e8 la posizione del duo Di Maio \u2013Russo. Entrambi hanno le bocche rigorosamente cucite. Il fatto certo \u00e8 che l\u2019entrata in scena del \u201cterzo incomodo\u201d ha sparigliato le carte e ha reso la partita molto difficile. Una mossa a sorpresa fatta probabilmente dallo stesso Grimaldi per smuovere le acque. Indecifrabile al momento appare anche la posizione dell\u2019assessore uscente Antimo Marrese che spesso e volentieri ha predicato umilt\u00e0 da parte degli esponenti politici per trovare una quadratura al cerchio. In bilico sembra essere anche il progetto di \u201ccitt\u00e0 futura\u201d proposto dal sindaco uscente Luigi De Risi. Difficile ipotizzare un accordo di quest\u2019ultimo con l\u2019area Pd qualora si optasse per Verrengia candidato sindaco.<\/p>\n<p style=\"text-align: right;\"><strong><em>GI.Esse<\/em><\/strong><\/p>\n<p style=\"text-align: right;\">\n","protected":false},"excerpt":{"rendered":"<p>3 Aprile 2016 &#8211; CARINOLA.\u00a0Marted\u00ec potrebbe esserci la resa dei conti all\u2019interno del PD per decidere chi sar\u00e0<\/p>\n","protected":false},"author":2,"featured_media":7762,"comment_status":"closed","ping_status":"closed","sticky":false,"template":"","format":"standard","meta":{"sfsi_plus_gutenberg_text_before_share":"","sfsi_plus_gutenberg_show_text_before_share":"","sfsi_plus_gutenberg_icon_type":"","sfsi_plus_gutenberg_icon_alignemt":"","sfsi_plus_gutenburg_max_per_row":"","footnotes":""},"categories":[9],"tags":[82,4626,4627,4357,4585],"class_list":["post-8212","post","type-post","status-publish","format-standard","has-post-thumbnail","hentry","category-politica","tag-carinola","tag-di-biasio","tag-elezioni-carinol","tag-elezioni-carinola","tag-massimo-grimaldi"],"_links":{"self":[{"href":"https:\/\/www.thereportzone.it\/index.php?rest_route=\/wp\/v2\/posts\/8212"}],"collection":[{"href":"https:\/\/www.thereportzone.it\/index.php?rest_route=\/wp\/v2\/posts"}],"about":[{"href":"https:\/\/www.thereportzone.it\/index.php?rest_route=\/wp\/v2\/types\/post"}],"author":[{"embeddable":true,"href":"https:\/\/www.thereportzone.it\/index.php?rest_route=\/wp\/v2\/users\/2"}],"replies":[{"embeddable":true,"href":"https:\/\/www.thereportzone.it\/index.php?rest_route=%2Fwp%2Fv2%2Fcomments&post=8212"}],"version-history":[{"count":0,"href":"https:\/\/www.thereportzone.it\/index.php?rest_route=\/wp\/v2\/posts\/8212\/revisions"}],"wp:featuredmedia":[{"embeddable":true,"href":"https:\/\/www.thereportzone.it\/index.php?rest_route=\/"}],"wp:attachment":[{"href":"https:\/\/www.thereportzone.it\/index.php?rest_route=%2Fwp%2Fv2%2Fmedia&parent=8212"}],"wp:term":[{"taxonomy":"category","embeddable":true,"href":"https:\/\/www.thereportzone.it\/index.php?rest_route=%2Fwp%2Fv2%2Fcategories&post=8212"},{"taxonomy":"post_tag","embeddable":true,"href":"https:\/\/www.thereportzone.it\/index.php?rest_route=%2Fwp%2Fv2%2Ftags&post=8212"}],"curies":[{"name":"wp","href":"https:\/\/api.w.org\/{rel}","templated":true}]}}