{"id":8202,"date":"2016-04-02T19:13:31","date_gmt":"2016-04-02T19:13:31","guid":{"rendered":"http:\/\/www.thereportzone.it\/?p=8202"},"modified":"2016-04-02T19:13:31","modified_gmt":"2016-04-02T19:13:31","slug":"tragedia-di-carinola-domani-i-funerali-di-federico-de-santo","status":"publish","type":"post","link":"https:\/\/www.thereportzone.it\/?p=8202","title":{"rendered":"LA TRAGEDIA DI CARINOLA &#8211; Domani i funerali del Sig. Preside Federico De Santo"},"content":{"rendered":"<p><strong>2 Aprile 2016 &#8211; CARINOLA.<\/strong> Si svolgeranno domani, domenica 3 aprile alle ore 16.00, i funerali di <strong><em>Federico De Santo<\/em><\/strong>, il preside ucciso con un colpo di pistola dal figlio <em><strong>Gerri De Santo,<\/strong><\/em> maresciallo dei carabinieri (leggi qui\u00a0<a href=\"http:\/\/www.thereportzone.it\/cronaca-2\/tragedia-nel-casertano-giovane-carabiniere-spara-al-padre-noto-preside-lo-uccide-lo-butta-autostrada\/\">http:\/\/www.thereportzone.it\/cronaca-2\/tragedia-nel-casertano-giovane-carabiniere-spara-al-padre-noto-preside-lo-uccide-lo-butta-autostrada\/<\/a>). Il rito funebre si celebrer\u00e0 presso la Chiesa di Santa Croce, paese di residenza dell&#8217;intera famiglia De Santo, travolta da questa terribile tragedia.<br \/>\nLa salma arriver\u00e0 domani prima del funerale, alle ore 14.00, direttamente dall&#8217;ospedale di Nocera, dove \u00e8 rimasta per due giorni. Ancora incredula l&#8217;intera comunit\u00e0 carinolese per l&#8217;accaduto e sono in molti che, anche sui social network, stanno mostrando vicinanza alla famiglia, con messaggi rivolti, soprattutto, al ricordo del Sig.\u00a0Federico, un uomo che \u00e8 stato stimato da tutti per molti\u00a0anni. Si attende una grande partecipazione alla cerimonia funebre. In molti si recheranno alla Chiesa per dare l&#8217;estremo saluto al tanto conosciuto preside. Anche da parte della nostra redazione la pi\u00f9 sincera vicinanza alla moglie ed all&#8217;intera famiglia del Sig. Preside Federico De Santo. <strong>LEGGI ANCHE: Gerri De Santo parla ai carabinieri: ho ucciso io mio padre &gt;&gt;&gt;\u00a0<\/strong><a href=\"http:\/\/www.thereportzone.it\/cronaca-2\/gerri-de-santo-parla-ai-carabinieri-ho-ucciso-io-mio-padre\/\">http:\/\/www.thereportzone.it\/cronaca-2\/gerri-de-santo-parla-ai-carabinieri-ho-ucciso-io-mio-padre\/<\/a><\/p>\n","protected":false},"excerpt":{"rendered":"<p>2 Aprile 2016 &#8211; CARINOLA. Si svolgeranno domani, domenica 3 aprile alle ore 16.00, i funerali di Federico<\/p>\n","protected":false},"author":2,"featured_media":8203,"comment_status":"closed","ping_status":"closed","sticky":false,"template":"","format":"standard","meta":{"sfsi_plus_gutenberg_text_before_share":"","sfsi_plus_gutenberg_show_text_before_share":"","sfsi_plus_gutenberg_icon_type":"","sfsi_plus_gutenberg_icon_alignemt":"","sfsi_plus_gutenburg_max_per_row":"","footnotes":""},"categories":[8],"tags":[2819,2820,2844,2845,2846],"class_list":["post-8202","post","type-post","status-publish","format-standard","has-post-thumbnail","hentry","category-cronaca","tag-federico-de-santo","tag-gerri-de-santo","tag-maresciallo-dei-carabinieri-spara-al-padre","tag-maresciallo-dei-carabinieri-uccide-il-padre","tag-nocera"],"_links":{"self":[{"href":"https:\/\/www.thereportzone.it\/index.php?rest_route=\/wp\/v2\/posts\/8202"}],"collection":[{"href":"https:\/\/www.thereportzone.it\/index.php?rest_route=\/wp\/v2\/posts"}],"about":[{"href":"https:\/\/www.thereportzone.it\/index.php?rest_route=\/wp\/v2\/types\/post"}],"author":[{"embeddable":true,"href":"https:\/\/www.thereportzone.it\/index.php?rest_route=\/wp\/v2\/users\/2"}],"replies":[{"embeddable":true,"href":"https:\/\/www.thereportzone.it\/index.php?rest_route=%2Fwp%2Fv2%2Fcomments&post=8202"}],"version-history":[{"count":0,"href":"https:\/\/www.thereportzone.it\/index.php?rest_route=\/wp\/v2\/posts\/8202\/revisions"}],"wp:featuredmedia":[{"embeddable":true,"href":"https:\/\/www.thereportzone.it\/index.php?rest_route=\/"}],"wp:attachment":[{"href":"https:\/\/www.thereportzone.it\/index.php?rest_route=%2Fwp%2Fv2%2Fmedia&parent=8202"}],"wp:term":[{"taxonomy":"category","embeddable":true,"href":"https:\/\/www.thereportzone.it\/index.php?rest_route=%2Fwp%2Fv2%2Fcategories&post=8202"},{"taxonomy":"post_tag","embeddable":true,"href":"https:\/\/www.thereportzone.it\/index.php?rest_route=%2Fwp%2Fv2%2Ftags&post=8202"}],"curies":[{"name":"wp","href":"https:\/\/api.w.org\/{rel}","templated":true}]}}