{"id":8191,"date":"2016-04-02T15:35:54","date_gmt":"2016-04-02T15:35:54","guid":{"rendered":"http:\/\/www.thereportzone.it\/?p=8191"},"modified":"2016-04-02T15:35:54","modified_gmt":"2016-04-02T15:35:54","slug":"elezoni-sessa-aurunca-il-pd-ufficalizza","status":"publish","type":"post","link":"https:\/\/www.thereportzone.it\/?p=8191","title":{"rendered":"ELEZIONI SESSA AURUNCA &#8211; Emergono i primi nomi dei candidati a sindaco: il PD ufficializza"},"content":{"rendered":"<p><strong>2 Aprile 2016 &#8211; SESSA AURUNCA.<\/strong>\u00a0Iniziano a vedersi schiarite a Sessa Aurunca per le prossime elezioni amministrative. Ieri sera, nella sala del castello Ducale, \u00e8 stata ufficializzata la candidatura di <em><strong>Silvio Sasso<\/strong><\/em>, affiancato da <em><strong>Gennaro Oliviero<\/strong><\/em>, quale sindaco del PD e di conseguenza del centro sinistra, o almeno della parte pi\u00f9 rappresentativa. Ora, dopo questa ufficializzazione bisogna vedere cosa faranno i gruppi civici vicini al consigliere provinciale <em><strong>Basilio Vernile<\/strong><\/em> e i GCR, che in un primo momento erano intenzionati a sostenere <strong><em>Ascanio Rozera<\/em><\/strong>. Il gruppo Vernile, salvo richiami ufficiali dal PD, sembra intenzionato a dialogare con la civica Generazione Aurunca ed il suo candidato <strong><em>Alberto Verrengia<\/em><\/strong>.<br \/>\nQuest\u2019ultimo \u00e8 sostenuto ad oggi gi\u00e0 da due liste civiche ma potrebbe trovare amici e compagni di viaggio per strada. Ancora non si \u00e8 sciolto il nodo candidatura nella compagine di maggioranza. Non sembra pi\u00f9 certa la candidatura dell\u2019a\u0082ttuale sindaco Tommasino visto che il suo vice sta tentando in tutti i modi scavalcarlo. Tra i due litiganti intanto si sta facendo sempre pi\u00f9 strada il nome dell\u2019assessore <strong><em>Isidoro Vrola<\/em><\/strong>, presidente della Sessana.<br \/>\nStasera intanto si incontrano i responsabili di FI, area Zinzi, tra i cui leader la famiglia Rocco, i referenti del gruppo ORA con in testa <strong><em>Giuseppe Zannini<\/em> <\/strong>e il gruppo dell\u2019onorevole Grimaldi, con il consigliere <strong><em>Marino Crispino<\/em><\/strong> e il responsabile <strong><em>Marco De Santis<\/em><\/strong>. Ben tre liste che ad oggi non hanno una collocazione certa. Si ipotizzava un appoggio a Verrengia ma dopo le ultime esternazioni dello stesso quest\u2019ultimi stanno pensando di presentare un proprio candidato che, visto la disgregazione, potrebbe aspirare ad arrivare al ballo\u0082aggio. Si fanno i nomi dell\u2019avvocato <strong><em>Gianluca Di M\u0082eo<\/em><\/strong>, del ginecologo <em><strong>Giuseppe Fort<\/strong><\/em>e e dell\u2019ex assessore provinciale <em><strong>Giuseppe Rocco<\/strong><\/em>. Certa la candidatura del chirurgo <em><strong>Ugo Tommasino<\/strong><\/em> per il Movimento 5 Stelle. Intanto in giro si iniziano ad intravedere i candidati consiglieri in cerca di consensi e il ci\u0082ttadino, gi\u00e0 infastidito, se la ride\u2026\u2026.<\/p>\n","protected":false},"excerpt":{"rendered":"<p>2 Aprile 2016 &#8211; SESSA AURUNCA.\u00a0Iniziano a vedersi schiarite a Sessa Aurunca per le prossime elezioni amministrative. Ieri<\/p>\n","protected":false},"author":2,"featured_media":5161,"comment_status":"closed","ping_status":"closed","sticky":false,"template":"","format":"standard","meta":{"sfsi_plus_gutenberg_text_before_share":"","sfsi_plus_gutenberg_show_text_before_share":"","sfsi_plus_gutenberg_icon_type":"","sfsi_plus_gutenberg_icon_alignemt":"","sfsi_plus_gutenburg_max_per_row":"","footnotes":""},"categories":[9],"tags":[4625,4101,1011],"class_list":["post-8191","post","type-post","status-publish","format-standard","has-post-thumbnail","hentry","category-politica","tag-elezioni-sessa","tag-elezioni-sessa-aurunca","tag-sessa-aurunca"],"_links":{"self":[{"href":"https:\/\/www.thereportzone.it\/index.php?rest_route=\/wp\/v2\/posts\/8191"}],"collection":[{"href":"https:\/\/www.thereportzone.it\/index.php?rest_route=\/wp\/v2\/posts"}],"about":[{"href":"https:\/\/www.thereportzone.it\/index.php?rest_route=\/wp\/v2\/types\/post"}],"author":[{"embeddable":true,"href":"https:\/\/www.thereportzone.it\/index.php?rest_route=\/wp\/v2\/users\/2"}],"replies":[{"embeddable":true,"href":"https:\/\/www.thereportzone.it\/index.php?rest_route=%2Fwp%2Fv2%2Fcomments&post=8191"}],"version-history":[{"count":0,"href":"https:\/\/www.thereportzone.it\/index.php?rest_route=\/wp\/v2\/posts\/8191\/revisions"}],"wp:featuredmedia":[{"embeddable":true,"href":"https:\/\/www.thereportzone.it\/index.php?rest_route=\/"}],"wp:attachment":[{"href":"https:\/\/www.thereportzone.it\/index.php?rest_route=%2Fwp%2Fv2%2Fmedia&parent=8191"}],"wp:term":[{"taxonomy":"category","embeddable":true,"href":"https:\/\/www.thereportzone.it\/index.php?rest_route=%2Fwp%2Fv2%2Fcategories&post=8191"},{"taxonomy":"post_tag","embeddable":true,"href":"https:\/\/www.thereportzone.it\/index.php?rest_route=%2Fwp%2Fv2%2Ftags&post=8191"}],"curies":[{"name":"wp","href":"https:\/\/api.w.org\/{rel}","templated":true}]}}