{"id":8154,"date":"2016-04-01T15:50:50","date_gmt":"2016-04-01T15:50:50","guid":{"rendered":"http:\/\/www.thereportzone.it\/?p=8154"},"modified":"2016-04-01T15:50:50","modified_gmt":"2016-04-01T15:50:50","slug":"elezioni-carinola-movimento-inverso-il-programma-sa-di-astratto","status":"publish","type":"post","link":"https:\/\/www.thereportzone.it\/?p=8154","title":{"rendered":"CARINOLA &#8211; Movimento Inverso, il programma sa di astratto: piovono critiche"},"content":{"rendered":"<p><strong>1 Aprile 2016 &#8211; CARINOLA<\/strong>.<strong>\u00a0<\/strong>Abbiamo avuto l\u2019occasione di leggere quelli che sono stati i punti per una futura amministrazione del Comune di Carinola redatti dal neonato \u201cMovimento Inverso\u201d. In una trasposizione cinematografica, e come anche definito nello stesso comunicato stampa, possiamo dire che il gruppo vorrebbe \u201cricominciare da quattro\u201d punti cardine per il cambiamento che tanto si auspica nel comune. Andando ad analizzare i punti si pu\u00f2 capire che, sebbene un buon giro di parole, Movimento Inverso, basa la sua politica su due importanti argomenti: uno \u00e8 il piano di sviluppo economico che si prospetta al 2020 che viene edificato su una crescita rurale sfruttando le nostre terre dell\u2019Ager Falernus. Il secondo punto \u00e8 quello che riguarda un maggiore sviluppo culturale andando ad usufruire di edifici gi\u00e0 esistenti per trasformarli in importanti punti nevralgici della zona, tra questi l\u2019Auditorium che sorger\u00e0 a Carinola o il Convento di S.Francesco a Casanova. Sembra opportuno non sminuire un altro concetto che sarebbe quello di creare un connubio tra la cultura e lo sport, i quali certamente non sono stati garantiti in modo cos\u00ec largo nel corso dell\u2019amministrazione De Risi.<br \/>\nIl programma del Movimento rispecchia in pieno il suo nome: inverso. E\u2019 inusuale creare un piano su punti che sembrano sterili e inconcludenti. Non si pu\u00f2 affermare, per correttezza politica, che sia esattamente cos\u00ec, ma c\u2019\u00e8 da dire che comunque sono abbastanza vaghi e generici. Sorgono dei dubbi innanzitutto sullo sviluppo rurale, che ovviamente, oltre alla vera e propria agricoltura, dovrebbe concernere (a quanto si pu\u00f2 evincere dal documento) anche in una sorta di turismo agricolo, che \u00e8 risultato vincente come nuovo progetto in parecchi comuni d\u2019Italia, soprattutto nelle valli del centro, ultimamente \u00e8 un\u2019iniziativa che sta sviluppandosi anche in queste zone.<br \/>\nTuttavia, alla fine, noi non offriamo un qualcosa di diverso dagli altri, \u00e8 certo, abbiamo un ottimo vino, graditissimo agli antichi romani, ma ci sarebbero certamente non poche perplessit\u00e0 se si puntasse tutto un programma solo su questo. Inoltre c\u2019\u00e8 da dire che se si vuole puntare sul turismo si deve garantire un\u2019ospitalit\u00e0 a questi turisti, nel Comune di Carinola attualmente c\u2019\u00e8 solo un piccolo B&amp;B, inoltre mancano ristoranti e pizzerie.<br \/>\nA Carinola non c\u2019\u00e8 ricettivit\u00e0 perch\u00e9 non si \u00e8 mai veramente sviluppato un turismo vero e proprio, oppure ci\u00f2 che si stava facendo \u00e8 stato bloccato. Abbiamo avuto buoni esempi da passate amministrazioni che hanno fatto del Falerno un loro punto di forza, penso si ricordi del viaggio in Svizzera dei nostri conterranei qualche tempo fa e quali furono i buoni risultati prodotti. Altri\u00a0 ripensamenti ci sono su alcune affermazioni, quando, ad esempio, si parla di un aiuto esterno e pi\u00f9 in l\u00e0 nel tempo di professionisti per quanto riguarda l\u2019investimento nella cultura. Non si pu\u00f2, a mio avviso, presentare un qualcosa di serio come un piano di sviluppo comunale senza avvalersi preventivamente di validi aiuti.<br \/>\nForse, Movimento Inverso, per la fretta di mostrare le proprie idee ha commesso l\u2019errore di non rifletterci bene e questo, non si dovrebbe spiegarglielo, \u00e8 controproducente. La compagine potrebbe avere la delusione di vedersi sgretolare le proprie iniziative, belle, buone, giuste, ma assai astratte. Non escludano una soluzione che sarebbe quella di aggregarsi ad altri per portare avanti queste rette idee; idee che tuttavia non bastano assolute per cercare di risolvere i problemi di un comune che rischia il dissesto finanziario. Facciamo un grande in bocca al lupo a tutti loro e auguriamogli buona fortuna, gli serve.<\/p>\n<p style=\"text-align: right;\"><strong><em>Martino La Selva<\/em><\/strong><\/p>\n","protected":false},"excerpt":{"rendered":"<p>1 Aprile 2016 &#8211; CARINOLA.\u00a0Abbiamo avuto l\u2019occasione di leggere quelli che sono stati i punti per una futura<\/p>\n","protected":false},"author":2,"featured_media":0,"comment_status":"closed","ping_status":"closed","sticky":false,"template":"","format":"standard","meta":{"sfsi_plus_gutenberg_text_before_share":"","sfsi_plus_gutenberg_show_text_before_share":"","sfsi_plus_gutenberg_icon_type":"","sfsi_plus_gutenberg_icon_alignemt":"","sfsi_plus_gutenburg_max_per_row":"","footnotes":""},"categories":[9],"tags":[82,4482,4357,4585,4378],"class_list":["post-8154","post","type-post","status-publish","format-standard","hentry","category-politica","tag-carinola","tag-elezioni-a-carinola","tag-elezioni-carinola","tag-massimo-grimaldi","tag-movimento-inverso-carinola"],"_links":{"self":[{"href":"https:\/\/www.thereportzone.it\/index.php?rest_route=\/wp\/v2\/posts\/8154"}],"collection":[{"href":"https:\/\/www.thereportzone.it\/index.php?rest_route=\/wp\/v2\/posts"}],"about":[{"href":"https:\/\/www.thereportzone.it\/index.php?rest_route=\/wp\/v2\/types\/post"}],"author":[{"embeddable":true,"href":"https:\/\/www.thereportzone.it\/index.php?rest_route=\/wp\/v2\/users\/2"}],"replies":[{"embeddable":true,"href":"https:\/\/www.thereportzone.it\/index.php?rest_route=%2Fwp%2Fv2%2Fcomments&post=8154"}],"version-history":[{"count":0,"href":"https:\/\/www.thereportzone.it\/index.php?rest_route=\/wp\/v2\/posts\/8154\/revisions"}],"wp:attachment":[{"href":"https:\/\/www.thereportzone.it\/index.php?rest_route=%2Fwp%2Fv2%2Fmedia&parent=8154"}],"wp:term":[{"taxonomy":"category","embeddable":true,"href":"https:\/\/www.thereportzone.it\/index.php?rest_route=%2Fwp%2Fv2%2Fcategories&post=8154"},{"taxonomy":"post_tag","embeddable":true,"href":"https:\/\/www.thereportzone.it\/index.php?rest_route=%2Fwp%2Fv2%2Ftags&post=8154"}],"curies":[{"name":"wp","href":"https:\/\/api.w.org\/{rel}","templated":true}]}}