{"id":7976,"date":"2016-03-26T17:48:04","date_gmt":"2016-03-26T17:48:04","guid":{"rendered":"http:\/\/www.thereportzone.it\/?p=7976"},"modified":"2016-03-26T17:48:04","modified_gmt":"2016-03-26T17:48:04","slug":"elezioni-carinola-movimento-5-stelle-punta-sulleffetto-sorpresa","status":"publish","type":"post","link":"https:\/\/www.thereportzone.it\/?p=7976","title":{"rendered":"ELEZIONI CARINOLA &#8211; Il Movimento 5 Stelle punta sull&#8217;effetto sorpresa"},"content":{"rendered":"<p><strong>26 Marzo 2016 &#8211; POLITICA.<\/strong>\u00a0Per le Elezioni comunali manca solo la data ufficiale. Si pensa che sia quella del 5 giugno. Dunque quello in\u00a0 corso sar\u00e0 probabilmente l\u2019ultima fine settimana nella quale si tengono celati programmi e candidati. Ma in effetti fino a questo momento c\u2019\u00e8 chi pensa che tutto sia ancora in alto mare soprattutto all\u2019interno dei partiti di maggior spicco. Invece il movimento cinque stelle che a livello locale presenta Sisto Di Cresce candidato a sindaco punta sull\u2019effetto sorpresa. Il portavoce Renato Luigi De Spirito \u00e8 tra gli aspiranti consiglieri che far\u00e0 parte della lista. Ci saranno tutti nomi nuovi e pronti a fare qualcosa di nuovo e concreto per il territorio.<br \/>\nQuesto quanto evidenziato da De Spirito e confermato anche dallo stesso Sisto Di Cresce. Si dovr\u00e0 attendere per\u00f2 ancora qualche altro giorno prima di venire a conoscenza dell\u2019elenco completo. La campagna elettorale dei grillini \u00e8 partita da tempo. Si punta decisamente a \u201cscardinare\u201d dai banchi del governo locale la vecchia classe politica. Sar\u00e0 la volont\u00e0 popolare come sempre a decidere se ci\u00f2 si realizzer\u00e0. D\u2019altronde come gi\u00e0 detto dinanzi all\u2019interno dei partiti di spicco come il Partito democratico regna ancora tanta incertezza. a marted\u00ec si dovr\u00e0 gioco-forza cominciare a delineare innanzitutto un programma da presentare agli elettori. Questo il pensiero del papabile candidato \u201cdem\u201d Franco Di Biasio.<br \/>\nLa coordinatrice cittadina del PD Laura Passeretti convocher\u00e0 a stretto giro una riunione con tutti i tesserati. Tra questi ci sar\u00e0 anche l\u2019ex vice sindaco Luigi Maria Verrengia che per\u00f2 con ogni probabilit\u00e0 non far\u00e0 parte della stessa lista civica qualora ci fosse un accordo con la \u201cCitt\u00e0 futura\u201d del sindaco uscente Luigi De Risi. Ci sarebbe una chiara incompatibilit\u00e0 politica anche con Antimo Marrese che \u00e8 ritornato anche lui ad essere parte integrante del maggiore partito a livello locale. Ma nello stesso tempo andr\u00e0 valutata anche la\u00a0 necessit\u00e0 di puntare ancora su De Risi, visto che non \u00e8 riuscito a tenere compatta la sua maggioranza per l\u2019intera legislatura.<br \/>\nInfatti il consigliere Antonio Russo aveva messo dal primo giorno le carte in tavola dichiarandosi gruppo indipendente. Qualche mese dopo Verrengia \u00e8 passato in minoranza e nello stesso tempo molti sono stati i consigli comunali che si sono dovuti svolgere in seconda convocazione per mancanza del numero legale. Quindi andranno fatte da questo punto di vista le giuste valutazioni. Cos\u00ec come andranno seriamente prese in considerazione i gruppi civici che si sono dichiarati indipendenti e hanno proposto un programma da prendere in considerazione. Nel centro destra intanto la situazione \u00e8 sempre pi\u00f9 tesa. Rosa Di Maio tesserata NPSI a differenza del suo maggiore antagonista Antonio Russo, \u00e8 sempre pi\u00f9 vicina alla candidatura a sindaco. Ma Russo non molla. Il problema a questo punto \u00e8 trovare i candidati a consigliere.<\/p>\n","protected":false},"excerpt":{"rendered":"<p>26 Marzo 2016 &#8211; POLITICA.\u00a0Per le Elezioni comunali manca solo la data ufficiale. Si pensa che sia quella<\/p>\n","protected":false},"author":2,"featured_media":7764,"comment_status":"closed","ping_status":"closed","sticky":false,"template":"","format":"standard","meta":{"sfsi_plus_gutenberg_text_before_share":"","sfsi_plus_gutenberg_show_text_before_share":"","sfsi_plus_gutenberg_icon_type":"","sfsi_plus_gutenberg_icon_alignemt":"","sfsi_plus_gutenburg_max_per_row":"","footnotes":""},"categories":[9],"tags":[3830,82,4357,4585,4607],"class_list":["post-7976","post","type-post","status-publish","format-standard","has-post-thumbnail","hentry","category-politica","tag-amministrative","tag-carinola","tag-elezioni-carinola","tag-massimo-grimaldi","tag-pasquale-di-biasio-carinola"],"_links":{"self":[{"href":"https:\/\/www.thereportzone.it\/index.php?rest_route=\/wp\/v2\/posts\/7976"}],"collection":[{"href":"https:\/\/www.thereportzone.it\/index.php?rest_route=\/wp\/v2\/posts"}],"about":[{"href":"https:\/\/www.thereportzone.it\/index.php?rest_route=\/wp\/v2\/types\/post"}],"author":[{"embeddable":true,"href":"https:\/\/www.thereportzone.it\/index.php?rest_route=\/wp\/v2\/users\/2"}],"replies":[{"embeddable":true,"href":"https:\/\/www.thereportzone.it\/index.php?rest_route=%2Fwp%2Fv2%2Fcomments&post=7976"}],"version-history":[{"count":0,"href":"https:\/\/www.thereportzone.it\/index.php?rest_route=\/wp\/v2\/posts\/7976\/revisions"}],"wp:featuredmedia":[{"embeddable":true,"href":"https:\/\/www.thereportzone.it\/index.php?rest_route=\/"}],"wp:attachment":[{"href":"https:\/\/www.thereportzone.it\/index.php?rest_route=%2Fwp%2Fv2%2Fmedia&parent=7976"}],"wp:term":[{"taxonomy":"category","embeddable":true,"href":"https:\/\/www.thereportzone.it\/index.php?rest_route=%2Fwp%2Fv2%2Fcategories&post=7976"},{"taxonomy":"post_tag","embeddable":true,"href":"https:\/\/www.thereportzone.it\/index.php?rest_route=%2Fwp%2Fv2%2Ftags&post=7976"}],"curies":[{"name":"wp","href":"https:\/\/api.w.org\/{rel}","templated":true}]}}