{"id":7363,"date":"2016-03-12T15:07:38","date_gmt":"2016-03-12T15:07:38","guid":{"rendered":"http:\/\/www.thereportzone.it\/?p=7363"},"modified":"2016-03-12T15:07:38","modified_gmt":"2016-03-12T15:07:38","slug":"mondragone-cavalcavia-arrivano-le-dichiarazioni-miraglia-fusco-taglialatela-speculano-cittadinanza-attiva","status":"publish","type":"post","link":"https:\/\/www.thereportzone.it\/?p=7363","title":{"rendered":"MONDRAGONE &#8211; Cavalcavia: arrivano le dichiarazioni di Miraglia: &#8220;Fusco e Taglialatela speculano su cittadinanza attiva&#8221;"},"content":{"rendered":"<p><strong>12 Marzo 2016 &#8211; MONDRAGONE<\/strong>.\u00a0Cavalcavia, \u00a0Miraglia interviene sui colleghi di coalizione di cittadinanza Attiva: &#8220;Fusco e Taglialatela speculano su di loro&#8221;.<br \/>\n&#8220;<em>La libert\u00e0 di opinione, costituzionalmente garantita, \u00e8 grazie a Dio valida per tutti. Ci\u00f2 che dovrebbero capire gli alleati di coalizione di \u201ccittadinanza attiva\u201d di Mondragone, che si fingono\u00a0 scandalizzati\u00a0 provando, in maniera goffa, a speculare sui nostri interventi pubblici nel tentativo \u2013 abbastanza riuscito \u2013 di ottenere le simpatie di chi strumentalizza i fini associativi per ottenerne una visibilit\u00e0 politica, \u00e8 che quando un\u2019associazione travalica i propri fini, smette in quello stesso momento di assolvere a quella preziosa funzione sociale che dovrebbe essere l\u2019elemento caratterizzante del proprio Dna. Il problema dunque non \u00e8 relativo alla sola questione del cavalcavia,\u00a0 dove pure ci siamo trovati dinanzi alla solita pretestuosit\u00e0. La vera anomalia \u00e8 rappresentata dalla persistenza sistematica di un atteggiamento di faziosa opposizione, laddove la faziosit\u00e0 assume i connotati di una vera e propria politicizzazione del modus operandi. \u00a0<\/em><br \/>\n<em>A fronte di 4 anni di opposizione, omogenea tra tutti i suoi componenti perfettamente allineati nella critica aprioristica e costante,\u00a0 del locale gruppo di cittadinanza attiva &#8211; che nei fatti si comporta come un partito politico &#8211; non deve meravigliare se, legittimamente, si passi alla controreplica motivata dalle proprie convinzioni.\u00a0 Quel che ci pare davvero raccapricciante, \u00e8 il dover constatare che l\u2019inviolabile libert\u00e0 di espressione venga invocata soltanto a proprio favore e convenienza, omettendo di considerarla fondamentale quando ad esprimere la propria opinione sono i componenti di un\u2019amministrazione comunale, che\u00a0 peraltro gode della piena legittimazione del popolo sovrano.\u00a0 <\/em><br \/>\n<em>Ci opponiamo dunque all\u2019ennesimo atto di arroganza, perpetrato da parte di chi vuole aspramente criticare e, prepotentemente, vorrebbe impedire agli altri di poter replicare. Se ne facciano una ragione i colleghi di coalizione Mario Fusco e Antonio Taglialatela, che tentano una doppia strumentalizzazione: della questione cavalcavia in s\u00e9 e degli stessi ragazzi di cittadinanza attiva che non si rendono nemmeno conto che chi oggi finge di difenderli, come Fusco e Taglialatela, non fa altro che speculare su di loro con una spicciola demagogia da dilettanti, cercando simpatie virtuali sui social e sognando di ritagliarsi uno spazio politico sulle spalle di giovani ignari, che evidentemente ancora non li conoscono bene. Ai cari giovani di cittadinanza attiva, che comunque in passato si sono distinti in ottime\u00a0 azioni a vantaggio della collettivit\u00e0, diciamo: meglio un\u2019aspra verit\u00e0 che una finta ed accattivante bugia!&#8221;.<\/em><\/p>\n","protected":false},"excerpt":{"rendered":"<p>12 Marzo 2016 &#8211; MONDRAGONE.\u00a0Cavalcavia, \u00a0Miraglia interviene sui colleghi di coalizione di cittadinanza Attiva: &#8220;Fusco e Taglialatela speculano<\/p>\n","protected":false},"author":2,"featured_media":6512,"comment_status":"closed","ping_status":"closed","sticky":false,"template":"","format":"standard","meta":{"sfsi_plus_gutenberg_text_before_share":"","sfsi_plus_gutenberg_show_text_before_share":"","sfsi_plus_gutenberg_icon_type":"","sfsi_plus_gutenberg_icon_alignemt":"","sfsi_plus_gutenburg_max_per_row":"","footnotes":""},"categories":[9],"tags":[3676,3636],"class_list":["post-7363","post","type-post","status-publish","format-standard","has-post-thumbnail","hentry","category-politica","tag-cavalcavia-mondragone","tag-mondragone-politica"],"_links":{"self":[{"href":"https:\/\/www.thereportzone.it\/index.php?rest_route=\/wp\/v2\/posts\/7363"}],"collection":[{"href":"https:\/\/www.thereportzone.it\/index.php?rest_route=\/wp\/v2\/posts"}],"about":[{"href":"https:\/\/www.thereportzone.it\/index.php?rest_route=\/wp\/v2\/types\/post"}],"author":[{"embeddable":true,"href":"https:\/\/www.thereportzone.it\/index.php?rest_route=\/wp\/v2\/users\/2"}],"replies":[{"embeddable":true,"href":"https:\/\/www.thereportzone.it\/index.php?rest_route=%2Fwp%2Fv2%2Fcomments&post=7363"}],"version-history":[{"count":0,"href":"https:\/\/www.thereportzone.it\/index.php?rest_route=\/wp\/v2\/posts\/7363\/revisions"}],"wp:featuredmedia":[{"embeddable":true,"href":"https:\/\/www.thereportzone.it\/index.php?rest_route=\/"}],"wp:attachment":[{"href":"https:\/\/www.thereportzone.it\/index.php?rest_route=%2Fwp%2Fv2%2Fmedia&parent=7363"}],"wp:term":[{"taxonomy":"category","embeddable":true,"href":"https:\/\/www.thereportzone.it\/index.php?rest_route=%2Fwp%2Fv2%2Fcategories&post=7363"},{"taxonomy":"post_tag","embeddable":true,"href":"https:\/\/www.thereportzone.it\/index.php?rest_route=%2Fwp%2Fv2%2Ftags&post=7363"}],"curies":[{"name":"wp","href":"https:\/\/api.w.org\/{rel}","templated":true}]}}