{"id":7332,"date":"2016-03-11T21:38:41","date_gmt":"2016-03-11T21:38:41","guid":{"rendered":"http:\/\/www.thereportzone.it\/?p=7332"},"modified":"2016-03-11T21:38:41","modified_gmt":"2016-03-11T21:38:41","slug":"grazzanise-fondi-europei-sviluppo-nostri-territori-domani-lincontro-dem-pd","status":"publish","type":"post","link":"https:\/\/www.thereportzone.it\/?p=7332","title":{"rendered":"GRAZZANISE &#8211; Fondi Europei e sviluppo per i nostri territori: domani l&#8217;incontro con I-Dem e PD"},"content":{"rendered":"<p><strong>11 Marzo 2016 &#8211; POLITICA.<\/strong> Fondi Europei: opportunit\u00e0 di governo e sviluppo per i nostri territori. E&#8217; questo il nome del convegno di domani a Grazzanise, presso l&#8217;aula consiliare del comune. L&#8217;incontro \u00e8 stato organizzato dall&#8217;associazione I-Dem ed il Partito Democratico. Ad intervenire Teresa Cerchiello, Segretaria Circolo PD Grazzanise; Paola Coen Salmon, Dirigente PD Castel Volturno; Giuseppe Campochiaro, Presidente Giovani Sammaritani. Dopo i saluti dei suddetti ci sar\u00e0, poi, l&#8217;intervento di Carlo Cerrito, Presidente dell&#8217;Associazione I-Dem pi\u00f9 Sud &#8211; pi\u00f9 Europa.<br \/>\nAnche Pasquale Ricciardone, gi\u00e0 Coordinatore Ufficio Tecnico-Ispettivo AGEA interverr\u00e0 insieme ai sindaci Giovanni Schiappa (Mondragone); Vito Gravante (Grazzanise); Antonio Papa (Santa Maria La Fossa) e Pasqualino Emerito (Cancello Arnone).<br \/>\nLe conclusioni, invece, saranno affidate a Gennaro Oliviero, Presidente Commissione Ambiente Consiglio Regionale Campania; Franco Alfieri, Consigliere Delegato Agricoltura e Pesca Giunta Regionale Campania; Serena Angioli, Assessore Fondi Europei e Politiche Giovanili Giunta Regione Campania ed, infine, On. Nicola Caputo, Commissione Agricoltura e Sviluppo Rurale (AGRD) Parlamento Europeo.<br \/>\nUn incontro di fondamentale importanza costellato dalla presenza di onorevoli, sindaci e personaggi politici esperti in materia.<\/p>\n","protected":false},"excerpt":{"rendered":"<p>11 Marzo 2016 &#8211; POLITICA. Fondi Europei: opportunit\u00e0 di governo e sviluppo per i nostri territori. E&#8217; questo<\/p>\n","protected":false},"author":2,"featured_media":0,"comment_status":"closed","ping_status":"closed","sticky":false,"template":"","format":"standard","meta":{"sfsi_plus_gutenberg_text_before_share":"","sfsi_plus_gutenberg_show_text_before_share":"","sfsi_plus_gutenberg_icon_type":"","sfsi_plus_gutenberg_icon_alignemt":"","sfsi_plus_gutenburg_max_per_row":"","footnotes":""},"categories":[9],"tags":[],"class_list":["post-7332","post","type-post","status-publish","format-standard","hentry","category-politica"],"_links":{"self":[{"href":"https:\/\/www.thereportzone.it\/index.php?rest_route=\/wp\/v2\/posts\/7332"}],"collection":[{"href":"https:\/\/www.thereportzone.it\/index.php?rest_route=\/wp\/v2\/posts"}],"about":[{"href":"https:\/\/www.thereportzone.it\/index.php?rest_route=\/wp\/v2\/types\/post"}],"author":[{"embeddable":true,"href":"https:\/\/www.thereportzone.it\/index.php?rest_route=\/wp\/v2\/users\/2"}],"replies":[{"embeddable":true,"href":"https:\/\/www.thereportzone.it\/index.php?rest_route=%2Fwp%2Fv2%2Fcomments&post=7332"}],"version-history":[{"count":0,"href":"https:\/\/www.thereportzone.it\/index.php?rest_route=\/wp\/v2\/posts\/7332\/revisions"}],"wp:attachment":[{"href":"https:\/\/www.thereportzone.it\/index.php?rest_route=%2Fwp%2Fv2%2Fmedia&parent=7332"}],"wp:term":[{"taxonomy":"category","embeddable":true,"href":"https:\/\/www.thereportzone.it\/index.php?rest_route=%2Fwp%2Fv2%2Fcategories&post=7332"},{"taxonomy":"post_tag","embeddable":true,"href":"https:\/\/www.thereportzone.it\/index.php?rest_route=%2Fwp%2Fv2%2Ftags&post=7332"}],"curies":[{"name":"wp","href":"https:\/\/api.w.org\/{rel}","templated":true}]}}