{"id":7260,"date":"2016-03-10T13:46:22","date_gmt":"2016-03-10T13:46:22","guid":{"rendered":"http:\/\/www.thereportzone.it\/?p=7260"},"modified":"2016-03-10T13:46:22","modified_gmt":"2016-03-10T13:46:22","slug":"falciano-scuole-chiuse-lunedi-disagi-proteste-genitori-chiedono-incontro-le-istituzioni","status":"publish","type":"post","link":"https:\/\/www.thereportzone.it\/?p=7260","title":{"rendered":"FALCIANO &#8211; Scuole chiuse fino a luned\u00ec, disagi e proteste: genitori chiedono incontro con le istituzioni"},"content":{"rendered":"<p><strong>10 Marzo 2016 &#8211; FALCIANO DEL MASSICO<\/strong>. Questa settimana \u00e8 iniziata\u00a0davvero male ed accenna a concludersi nella stessa maniera, almeno per quanto riguarda il problema delle scuole Elementari e Materne di via Ponticello. Ad inizio settimana la chiusura per mancanza di energia elettrica dovuto ad un guasto Enel, poi il rientro a scuola degli alunni ed ancora, oggi, un avviso di chiusura per mancanza d&#8217;acqua. Non si sa proprio da dove cominciare &#8211; dicono alcuni genitori &#8211; \u00a0qui siamo messi veramente male.<br \/>\nSono molti i genitori ad essere infuriati per l&#8217;ennesima chiusura delle Scuole e non solo da inizio settimana. Ricordiamo che, da inizio anno scolastico, sono state diverse le proteste dei genitori sia per le condizioni delle Scuole Elementari sia per quelle della Scuola Materna. In diverse occasioni \u00e8 stato richiesto un sopralluogo con il conseguente intervento dei vigili del fuoco. Presso la scuola materna, lo ricordiamo, ci fu anche un raid vandalico. Insomma un anno nero per l&#8217;amministrazione almeno dal punto di vista della gestione delle Scuole.<br \/>\nAdesso, da voci di corridoio, emerge che mercoled\u00ec 16 marzo ci sar\u00e0 un incontro tra i genitori ed il sindaco presso il Municipio. All&#8217;incontro sar\u00e0 presente anche la Preside. Staremo a vedere se si riuscir\u00e0 a sistemare la situazione e a chiudere l&#8217;anno scolastico in bellezza.<br \/>\n<a href=\"http:\/\/www.thereportzone.it\/politica\/5139\/\">LEGGI ANCHE: FALCIANO: SCUOLE ELEMENTARI: GENITORI SUL PIEDE DI GUERRA&#8221;<\/a><\/p>\n","protected":false},"excerpt":{"rendered":"<p>10 Marzo 2016 &#8211; FALCIANO DEL MASSICO. Questa settimana \u00e8 iniziata\u00a0davvero male ed accenna a concludersi nella stessa<\/p>\n","protected":false},"author":2,"featured_media":2999,"comment_status":"closed","ping_status":"closed","sticky":false,"template":"","format":"standard","meta":{"sfsi_plus_gutenberg_text_before_share":"","sfsi_plus_gutenberg_show_text_before_share":"","sfsi_plus_gutenberg_icon_type":"","sfsi_plus_gutenberg_icon_alignemt":"","sfsi_plus_gutenburg_max_per_row":"","footnotes":""},"categories":[9],"tags":[],"class_list":["post-7260","post","type-post","status-publish","format-standard","has-post-thumbnail","hentry","category-politica"],"_links":{"self":[{"href":"https:\/\/www.thereportzone.it\/index.php?rest_route=\/wp\/v2\/posts\/7260"}],"collection":[{"href":"https:\/\/www.thereportzone.it\/index.php?rest_route=\/wp\/v2\/posts"}],"about":[{"href":"https:\/\/www.thereportzone.it\/index.php?rest_route=\/wp\/v2\/types\/post"}],"author":[{"embeddable":true,"href":"https:\/\/www.thereportzone.it\/index.php?rest_route=\/wp\/v2\/users\/2"}],"replies":[{"embeddable":true,"href":"https:\/\/www.thereportzone.it\/index.php?rest_route=%2Fwp%2Fv2%2Fcomments&post=7260"}],"version-history":[{"count":0,"href":"https:\/\/www.thereportzone.it\/index.php?rest_route=\/wp\/v2\/posts\/7260\/revisions"}],"wp:featuredmedia":[{"embeddable":true,"href":"https:\/\/www.thereportzone.it\/index.php?rest_route=\/"}],"wp:attachment":[{"href":"https:\/\/www.thereportzone.it\/index.php?rest_route=%2Fwp%2Fv2%2Fmedia&parent=7260"}],"wp:term":[{"taxonomy":"category","embeddable":true,"href":"https:\/\/www.thereportzone.it\/index.php?rest_route=%2Fwp%2Fv2%2Fcategories&post=7260"},{"taxonomy":"post_tag","embeddable":true,"href":"https:\/\/www.thereportzone.it\/index.php?rest_route=%2Fwp%2Fv2%2Ftags&post=7260"}],"curies":[{"name":"wp","href":"https:\/\/api.w.org\/{rel}","templated":true}]}}