{"id":629,"date":"2022-05-11T20:00:31","date_gmt":"2022-05-11T18:00:31","guid":{"rendered":"https:\/\/linkwireless.it\/wordpress\/?p=629"},"modified":"2022-05-11T20:00:37","modified_gmt":"2022-05-11T18:00:37","slug":"orgoglio-mondragonese-pioggia-di-titoli-al-campionato-italiano-a-n-a-m-per-mario-buonanno","status":"publish","type":"post","link":"https:\/\/www.thereportzone.it\/?p=629","title":{"rendered":"ORGOGLIO MONDRAGONESE \u2013 Pioggia di titoli al Campionato Italiano A.N.A.M. per Mario Buonanno"},"content":{"rendered":"\n<p> <\/p>\n\n\n\n<div class=\"wp-block-columns is-layout-flex wp-container-core-columns-is-layout-1 wp-block-columns-is-layout-flex\">\n<div class=\"wp-block-column is-layout-flow wp-block-column-is-layout-flow\" style=\"flex-basis:100%\">\n<div class=\"wp-block-group is-layout-flow wp-block-group-is-layout-flow\">\n<figure class=\"wp-block-image size-full is-style-default\"><img fetchpriority=\"high\" decoding=\"async\" width=\"1022\" height=\"162\" src=\"https:\/\/linkwireless.it\/wordpress\/wp-content\/uploads\/2022\/05\/NUOVO-GIF-ENJOY-MAGGIO.gif\" alt=\"\" class=\"wp-image-482\"\/><\/figure>\n<\/div>\n<\/div>\n<\/div>\n\n\n\n<figure class=\"wp-block-image size-full is-style-default\"><img decoding=\"async\" width=\"998\" height=\"140\" src=\"https:\/\/linkwireless.it\/wordpress\/wp-content\/uploads\/2022\/05\/SodaPDF-converted-quattro-BUONO.gif\" alt=\"\" class=\"wp-image-483\"\/><\/figure>\n\n\n\n<p><strong>MONDRAGONE<\/strong>. Un nuovo importantissimo traguardo per\u00a0<em><strong>Mario Buonanno,\u00a0<\/strong><\/em>vincitore al 63\u00b0 Campionato Italiano A.N.A.M.. Il giovane mondragonese ha partecipato al 63\u00b0 Campionato ANAM , dove \u00e8 stato: Primo classificato nella prova Calssic Fade su un modello; Terzo Classificato Prova Skin Fade; Primo classificato \u2013 Classifica Generale \u2013 Vincita della Poltrona Apollo 2 TAKARA BEL MONT; Primo Classificato Prova Creative Style (Prova Creativa). Il Campionato si \u00e8 svolto nei giorni dell\u20198 e 9 Maggio, a Pozzuoli. Avevamo gi\u00e0 scritto, in passato, delle grandi imprese del giovane mondragonese, con altri articoli pubblicati proprio su queste pagine (<a href=\"https:\/\/www.thereportzone.it\/comuni\/mondragone\/mondragone-altro-bellissimo-traguardo-per-mario-buonanno-primo-posto-allomc-international-rising\/\"><strong>LEGGI QUI<\/strong><\/a>), (<a href=\"https:\/\/www.thereportzone.it\/cultura\/mondragone-mario-buonanno-terzo-classificato-al-mondiale-acconciatori-online-2020\/\"><strong>LEGGI QUI<\/strong><\/a>), (<a href=\"https:\/\/www.thereportzone.it\/cultura\/mondragone-mario-buonanno-allhair-world-cup-2019-di-parigi-lin-bocca-al-lupo-del-sindaco-e-lisbona\/\"><strong>LEGGI QUI<\/strong><\/a>).<\/p>\n\n\n\n<figure class=\"wp-block-image size-full is-style-default\"><img decoding=\"async\" width=\"750\" height=\"937\" src=\"https:\/\/linkwireless.it\/wordpress\/wp-content\/uploads\/2022\/05\/jarama-pizza-allabrace.jpg\" alt=\"\" class=\"wp-image-417\" srcset=\"https:\/\/www.thereportzone.it\/wp-content\/uploads\/2022\/05\/jarama-pizza-allabrace.jpg 750w, https:\/\/www.thereportzone.it\/wp-content\/uploads\/2022\/05\/jarama-pizza-allabrace-240x300.jpg 240w\" sizes=\"(max-width: 750px) 100vw, 750px\" \/><\/figure>\n\n\n\n<p>E, in merito al Campionato, sui social fioccano i ringraziamenti ed il grande entusiasmo per un\u2019organizzazione che \u00e8 stata capillare. Importante, in tal senso, trasmettere anche l\u2019importanza per questa disciplina, che nasce da antiche capacit\u00e0 artigianali, declinata ai giorni nostri e che si pone come sempre pi\u00f9 in voga e presente in tutti i contest culturali, musicali, concorsi di bellezza a livello planetario.<\/p>\n\n\n\n<figure class=\"wp-block-image size-large\"><img loading=\"lazy\" decoding=\"async\" width=\"1024\" height=\"384\" src=\"https:\/\/linkwireless.it\/wordpress\/wp-content\/uploads\/2022\/05\/buonanno-campionato-1024x384.jpg\" alt=\"\" class=\"wp-image-630\" srcset=\"https:\/\/www.thereportzone.it\/wp-content\/uploads\/2022\/05\/buonanno-campionato-1024x384.jpg 1024w, https:\/\/www.thereportzone.it\/wp-content\/uploads\/2022\/05\/buonanno-campionato-300x113.jpg 300w, https:\/\/www.thereportzone.it\/wp-content\/uploads\/2022\/05\/buonanno-campionato-768x288.jpg 768w, https:\/\/www.thereportzone.it\/wp-content\/uploads\/2022\/05\/buonanno-campionato-1536x577.jpg 1536w, https:\/\/www.thereportzone.it\/wp-content\/uploads\/2022\/05\/buonanno-campionato.jpg 1790w\" sizes=\"(max-width: 1024px) 100vw, 1024px\" \/><\/figure>\n\n\n\n<p>Abbiamo sentito telefonicamente il giovane<strong>&nbsp;Mario Buonanno:&nbsp;<\/strong>\u201c<em>Ho iniziato a lavorare a 6 anni, con il primo Campionato al quale ho partecipato. Questa \u00e8 un\u2019arte che mi \u00e8 stata trasmessa da mio padre. E\u2019 soltanto grazie a lui che mi \u00e8 stato possibile tutto questo. E\u2019 stato lui, fin dall\u2019inizio, a seguirmi e supportarmi, anche economicamente, ed ancora oggi mi segue in tutto. Non potr\u00f2 mai smettere di ringraziarlo. Da circa 5 anni, poi, ho cominciato a specializzarmi con la partecipazione ad altri numerosi Campionati con i quali sono arrivate le successive vittorie. Il mio sogno \u00e8 diventare un Trainer, proprio come il mio trainer&nbsp;<strong>Pierfilippo Francia.&nbsp;<\/strong>Non smetter\u00f2 mai di essere grato al mio allenatore che, sul piano professionale e anche umano, mi ha insegnato tantissimo. Una spalla d\u2019appoggio, un supporto, psicologico e non solo. Allenare e trasmettere quest\u2019arte non \u00e8 facile. Il mio sogno \u00e8 poterlo fare per chiunque decida di approcciare a questo mondo. Sono consapevole che non tutti possono amare il mondo della competizione, ma posso assicurare a chiunque pensi di approcciare a questo contesto, che \u00e8 un ambito che dona tantissime soddisfazioni. La crescita \u00e8 molta, e giunge sia sotto forma di lezione di vita e, anche, nelle ambizioni. Ringrazio mio padre per tutto. Inutile dirlo, persona sempre presente e che mi ha fatto affacciare su questo meraviglioso mondo per la prima volta. E\u2019 solo grazie a lui che tutti questi traguardi siano possibili. Voglio ringraziare anche il mio modello Francesco e a chi me lo ha concesso, il vice trainer Daniele Giaquinto. Adesso, non vedo l\u2019ora di essere a Parigi nelle date del 10\/11 e 12 settembre, per l\u2019OMC Hair World<\/em>\u201c.<\/p>\n\n\n\n<p>Sempre in merito al Campionato, poi, di grande risalto sono risultate le parole di&nbsp;<strong><em>Giuseppe Buonanno<\/em><\/strong>, il pap\u00e0 di Mario che, per l\u2019occasione, \u00e8 stato nominato giurato maschile. Lui, ha detto: \u201c<em>Una grande organizzazione, faccio i miei pi\u00f9 sinceri complimenti a tutti gli organizzatori. Per me \u00e8 stato il campionato pi\u00f9 bello ed emozionante sia per essere stato scelto come giurato maschile sia per la grande vittoria di mio figlio Mario, con tantissimi sacrifici e tanta gioia. A tutto questo va aggiunto un forte ringraziamento alla splendida famiglia&nbsp;<strong>A.N.A.M.<\/strong>&nbsp;presieduta dal presidente Lino Fabbian, il vice presidente Salvatore Seccia, il direttore della commissione tecnica Vincenzo Di Simone e tutto il restante direttivo. Ci tengo tantissimo a ringraziare anche una persona per me molto importante, il direttore tecnico Nazionale&nbsp;<strong>Pierfilippo Francia&nbsp;<\/strong>che con la sua professionalit\u00e0 e umilt\u00e0, si presenta come una persona ammirevole, degna di ogni bene e di ogni riguardo professionale. A lui il mio ringraziamento che parte dal cuore, anche perch\u00e8 ha creato un forte gruppo lavorativo, che ha funzionato alla perfezione. Ringrazio i vice direttori tecnici Daniele Giaquinto Armando Loreto Arnaldo Francisconi per aver condiviso insieme a me questa bellissima esperienza. In conclusione un forte ringraziamento al mio centro Newanam Pescara al presidente Carlo Pigliacelli e tutto il direttore per la fiducia che mi date<\/em>\u201c.<\/p>\n","protected":false},"excerpt":{"rendered":"<p>MONDRAGONE. Un nuovo importantissimo traguardo per\u00a0Mario Buonanno,\u00a0vincitore al 63\u00b0 Campionato Italiano A.N.A.M.. Il giovane mondragonese ha partecipato al<\/p>\n","protected":false},"author":2,"featured_media":630,"comment_status":"closed","ping_status":"closed","sticky":false,"template":"","format":"image","meta":{"sfsi_plus_gutenberg_text_before_share":"","sfsi_plus_gutenberg_show_text_before_share":"","sfsi_plus_gutenberg_icon_type":"","sfsi_plus_gutenberg_icon_alignemt":"","sfsi_plus_gutenburg_max_per_row":"","footnotes":""},"categories":[10,5],"tags":[],"class_list":["post-629","post","type-post","status-publish","format-image","has-post-thumbnail","hentry","category-cultura","category-mondragone","post_format-post-format-image"],"_links":{"self":[{"href":"https:\/\/www.thereportzone.it\/index.php?rest_route=\/wp\/v2\/posts\/629"}],"collection":[{"href":"https:\/\/www.thereportzone.it\/index.php?rest_route=\/wp\/v2\/posts"}],"about":[{"href":"https:\/\/www.thereportzone.it\/index.php?rest_route=\/wp\/v2\/types\/post"}],"author":[{"embeddable":true,"href":"https:\/\/www.thereportzone.it\/index.php?rest_route=\/wp\/v2\/users\/2"}],"replies":[{"embeddable":true,"href":"https:\/\/www.thereportzone.it\/index.php?rest_route=%2Fwp%2Fv2%2Fcomments&post=629"}],"version-history":[{"count":1,"href":"https:\/\/www.thereportzone.it\/index.php?rest_route=\/wp\/v2\/posts\/629\/revisions"}],"predecessor-version":[{"id":631,"href":"https:\/\/www.thereportzone.it\/index.php?rest_route=\/wp\/v2\/posts\/629\/revisions\/631"}],"wp:featuredmedia":[{"embeddable":true,"href":"https:\/\/www.thereportzone.it\/index.php?rest_route=\/wp\/v2\/media\/630"}],"wp:attachment":[{"href":"https:\/\/www.thereportzone.it\/index.php?rest_route=%2Fwp%2Fv2%2Fmedia&parent=629"}],"wp:term":[{"taxonomy":"category","embeddable":true,"href":"https:\/\/www.thereportzone.it\/index.php?rest_route=%2Fwp%2Fv2%2Fcategories&post=629"},{"taxonomy":"post_tag","embeddable":true,"href":"https:\/\/www.thereportzone.it\/index.php?rest_route=%2Fwp%2Fv2%2Ftags&post=629"}],"curies":[{"name":"wp","href":"https:\/\/api.w.org\/{rel}","templated":true}]}}