{"id":6201,"date":"2016-02-16T19:09:00","date_gmt":"2016-02-16T19:09:00","guid":{"rendered":"http:\/\/www.thereportzone.it\/?p=6201"},"modified":"2016-02-16T19:09:00","modified_gmt":"2016-02-16T19:09:00","slug":"mauro-saulle-il-piccolo-guerriero-si-accinge-a-combattere-unaltra-battaglia","status":"publish","type":"post","link":"https:\/\/www.thereportzone.it\/?p=6201","title":{"rendered":"Mauro Saulle, il piccolo guerriero si accinge a combattere un&#8217;altra dura battaglia"},"content":{"rendered":"<p><strong>16 Febbraio 2016 &#8211; MONDRAGONE<\/strong>. Il piccolo Mauro Saulle, affetto da una grave patologia, si accinge ad affrontare l&#8217;ennesima battaglia. Mauro, che in citt\u00e0 ha gi\u00e0 acquisito l&#8217;appellativo di &#8220;piccolo guerriero&#8221;, il prossimo 25 febbraio si recher\u00e0 a Boston dove ricever\u00e0 cure alternative\u00a0nel tentativo di sconfiggere questo bruttissimo male. Le speranze ci sono e a Boston sicuramente potr\u00e0 sottoporsi a cure che qui in Italia non esistono. Nello stesso giorno della sua partenza, a Mondragone, presso il cinema teatro Ariston ci saranno gli Avion Travel. Un incontro utile alla raccolta fondi per questa dura battaglia. Da questo punto di vista da sottolineare anche l&#8217;assiduo impegno di Armata Mondragonese, da sempre vicina al piccolo Mauro e, anche questa volta, lo accompagner\u00e0 fino al giorno prima di partire per Boston.<br \/>\nVarie, fino ad oggi, le diverse iniziative in citt\u00e0 per la raccolta fondi. Lo scorso luglio, in piazza Conte, c&#8217;erano stati artisti dello spettacolo e della televisione come i\u00a0ragazzi di Braccialetti Rossi, di tutti i comici di Made in Sud, Clementino, Remo Girone e tanti altri.<\/p>\n<p style=\"text-align: center;\"><strong>TIENITI AGGIORNATO SULLE NOTIZIE DELLA CITTA&#8217;. CLICCA SUL LOGO QUI SOTTO E METTI &#8220;MI PIACE&#8221; ALLA PAGINA &#8220;QUESTO E&#8217; MONDRAGONE&#8221;<\/strong><\/p>\n<p style=\"text-align: center;\"><a href=\"https:\/\/www.facebook.com\/QUESTOEMONDRAGONE\/?fref=ts\" rel=\"attachment wp-att-5079\"><img fetchpriority=\"high\" decoding=\"async\" class=\"alignnone wp-image-5079 size-medium\" src=\"http:\/\/www.thereportzone.it\/wp-content\/uploads\/2016\/01\/12584089_1117235094987584_1710208510_n-300x260.jpg\" alt=\"QUESTO \u00e8 MONDRAGONE\" width=\"300\" height=\"260\" \/><\/a><\/p>\n","protected":false},"excerpt":{"rendered":"<p>16 Febbraio 2016 &#8211; MONDRAGONE. Il piccolo Mauro Saulle, affetto da una grave patologia, si accinge ad affrontare<\/p>\n","protected":false},"author":2,"featured_media":6202,"comment_status":"closed","ping_status":"closed","sticky":false,"template":"","format":"standard","meta":{"sfsi_plus_gutenberg_text_before_share":"","sfsi_plus_gutenberg_show_text_before_share":"","sfsi_plus_gutenberg_icon_type":"","sfsi_plus_gutenberg_icon_alignemt":"","sfsi_plus_gutenburg_max_per_row":"","footnotes":""},"categories":[8],"tags":[2126,1263,2127,2128],"class_list":["post-6201","post","type-post","status-publish","format-standard","has-post-thumbnail","hentry","category-cronaca","tag-boston-mauro-saulle","tag-cronaca-mondragone","tag-mauro-saulle-mondragone","tag-mauro-saulle-va-a-boston"],"_links":{"self":[{"href":"https:\/\/www.thereportzone.it\/index.php?rest_route=\/wp\/v2\/posts\/6201"}],"collection":[{"href":"https:\/\/www.thereportzone.it\/index.php?rest_route=\/wp\/v2\/posts"}],"about":[{"href":"https:\/\/www.thereportzone.it\/index.php?rest_route=\/wp\/v2\/types\/post"}],"author":[{"embeddable":true,"href":"https:\/\/www.thereportzone.it\/index.php?rest_route=\/wp\/v2\/users\/2"}],"replies":[{"embeddable":true,"href":"https:\/\/www.thereportzone.it\/index.php?rest_route=%2Fwp%2Fv2%2Fcomments&post=6201"}],"version-history":[{"count":0,"href":"https:\/\/www.thereportzone.it\/index.php?rest_route=\/wp\/v2\/posts\/6201\/revisions"}],"wp:featuredmedia":[{"embeddable":true,"href":"https:\/\/www.thereportzone.it\/index.php?rest_route=\/"}],"wp:attachment":[{"href":"https:\/\/www.thereportzone.it\/index.php?rest_route=%2Fwp%2Fv2%2Fmedia&parent=6201"}],"wp:term":[{"taxonomy":"category","embeddable":true,"href":"https:\/\/www.thereportzone.it\/index.php?rest_route=%2Fwp%2Fv2%2Fcategories&post=6201"},{"taxonomy":"post_tag","embeddable":true,"href":"https:\/\/www.thereportzone.it\/index.php?rest_route=%2Fwp%2Fv2%2Ftags&post=6201"}],"curies":[{"name":"wp","href":"https:\/\/api.w.org\/{rel}","templated":true}]}}