{"id":6181,"date":"2016-02-15T17:29:10","date_gmt":"2016-02-15T17:29:10","guid":{"rendered":"http:\/\/www.thereportzone.it\/?p=6181"},"modified":"2016-02-15T17:29:10","modified_gmt":"2016-02-15T17:29:10","slug":"6181","status":"publish","type":"post","link":"https:\/\/www.thereportzone.it\/?p=6181","title":{"rendered":"Raccolta rifiuti a Capua, quanto costa il servizio? La richiesta di Antonio Minoja"},"content":{"rendered":"<p><strong>15 Febbraio 2016 &#8211; CAPUA<\/strong>. Riceviamo e pubblichiamo: &#8220;Trasmettiamo la richiesta che il consigliere Antonio Minoja ha inviato agli uffici competenti al fine di richiedere una verifica della determinazione del costo del servizio \u00a0di raccolta rifiuti.<br \/>\nSi evince infatti che il costo del servizio \u00e8 erroneamente calcolato e che oramai da anni \u00a0sistematicamente non viene riconosciuto alle utenze domestiche la quota di differenziata che queste comunque producono e pertanto nessun beneficio viene riconosciuto ai cittadini;<br \/>\ndopo il commissariamento del settore rifiuti purtroppo la raccolta differenziata non ha registrato \u00a0nessun incremento. \u00a0infatti da circa il 35% del 2013 siamo ad \u00a0una percentuale di circa il 40% \u00a0di raccolta differenziata all&#8217;ultima rilevazione .<br \/>\nInsomma oltre il danno la beffa in un settore che oltre ad essere utilizzato come un ammortizzatore sociale \u00e8 tra i pi\u00f9 onerosi per i cittadini ma forse il pi\u00f9 redditizio per altri .<br \/>\nPremesso che con Delibera di Consiglio Comunale n 57 del 19\/12\/2015 veniva modificato il regolamento TARI\u00a0 che tali modifiche \u00a0non prevedevano\u00a0 agevolazioni , che seppur facoltative, provocavano una serie di iniquit\u00e0. Venivano infatti \u00a0soppresse le agevolazioni ;<\/p>\n<ul>\n<li>\u00a0 \u00a0 \u00a0 \u00a0 \u00a0 -per soggetti meno abbienti con ridotta capacit\u00e0 contributiva;<\/li>\n<li>\u00a0 \u00a0 \u00a0 \u00a0 \u00a0 -per famiglie a basso reddito ;<\/li>\n<li>\u00a0 \u00a0 \u00a0 \u00a0 \u00a0 \u00a0-abitazione unico occupante<\/li>\n<\/ul>\n<p>inoltre nelle commisurazione della tariffa non si teneva conto dei criteri determinanti regolamentati dal D.P.R. 27 Aprile 1999.n 158 che nel rispetto del principio\u00a0 \u201cchi inquina paga\u201d sancito dall\u2019art.14 della direttiva 2008\/98 CEdel Parlamento Europeo e del Consiglio Europeo del 19 \/11\/2008.relativa ai rifiuti,come riportato \u00a0da tabelle allegate al regolamento.<br \/>\nInoltre nel dettaglio dei costi non veniva riportato \u00a0il rimborso del Ministero dell\u2019Istruzione\u00a0 Tassa\u00a0 Rifiuti Istituzioni Scolastiche .<br \/>\nPremesso inoltre che nella modulazione della tariffa non sono state assicurate le riduzioni per la raccolta differenziata riferita alle utenze domestiche cosi come previsto dalla Legge n 147\/2013 comma 658 art 1 e dal DPR 27 Aprile 1999n 158 art 7\u00a0 che testualmente recita\u00a0<u>\u201c Gli Enti Locali assicurano le agevolazioni per la raccolta differenziata previste al comma 10 dell\u2019Art 49 del DL 5 Febb.1997 n 22 \u201c<\/u><br \/>\nConsiderato inoltre che tali rilievi sono stati segnalati nelle Commissioni Consiliari, nelle Conferenze dei Capigruppo nonch\u00e9 in sede di Consiglio Comunale ma non sono stati recepiti dalla maggioranza.<br \/>\nCon la presente si chiede di conoscere se tali riduzioni non essendo state riconosciute ai cittadini determinano una maggiore compartecipazione al pagamento del servizio e di conseguenza una errata quantificazione dei costi con i quali si determinano i criteri \u00a0della tariffa;\u00a0si chiede inoltre quali provvedimenti si intendono adottare per garantire un applicazione della tariffa equa e corretta,\u00a0tali da assicurare che il regolamento Tari garantisca equit\u00e0 e regolarit\u00e0 ai cittadini&#8221;.<\/p>\n<p style=\"text-align: right;\"><em>Capua 13\/02\/2016 \u00a0 <\/em><\/p>\n<p style=\"text-align: right;\"><em>Consigliere Antonio Minoja\u00a0<\/em><\/p>\n<p style=\"text-align: right;\"><em>Antonio Minoja<\/em><\/p>\n<p>&nbsp;<\/p>\n","protected":false},"excerpt":{"rendered":"<p>15 Febbraio 2016 &#8211; CAPUA. Riceviamo e pubblichiamo: &#8220;Trasmettiamo la richiesta che il consigliere Antonio Minoja ha inviato<\/p>\n","protected":false},"author":2,"featured_media":0,"comment_status":"closed","ping_status":"closed","sticky":false,"template":"","format":"standard","meta":{"sfsi_plus_gutenberg_text_before_share":"","sfsi_plus_gutenberg_show_text_before_share":"","sfsi_plus_gutenberg_icon_type":"","sfsi_plus_gutenberg_icon_alignemt":"","sfsi_plus_gutenburg_max_per_row":"","footnotes":""},"categories":[9],"tags":[4274,229,4414,4278],"class_list":["post-6181","post","type-post","status-publish","format-standard","hentry","category-politica","tag-antonio-minoja-capua","tag-capua","tag-politica-capua","tag-raccolta-rifiuti-capua"],"_links":{"self":[{"href":"https:\/\/www.thereportzone.it\/index.php?rest_route=\/wp\/v2\/posts\/6181"}],"collection":[{"href":"https:\/\/www.thereportzone.it\/index.php?rest_route=\/wp\/v2\/posts"}],"about":[{"href":"https:\/\/www.thereportzone.it\/index.php?rest_route=\/wp\/v2\/types\/post"}],"author":[{"embeddable":true,"href":"https:\/\/www.thereportzone.it\/index.php?rest_route=\/wp\/v2\/users\/2"}],"replies":[{"embeddable":true,"href":"https:\/\/www.thereportzone.it\/index.php?rest_route=%2Fwp%2Fv2%2Fcomments&post=6181"}],"version-history":[{"count":0,"href":"https:\/\/www.thereportzone.it\/index.php?rest_route=\/wp\/v2\/posts\/6181\/revisions"}],"wp:attachment":[{"href":"https:\/\/www.thereportzone.it\/index.php?rest_route=%2Fwp%2Fv2%2Fmedia&parent=6181"}],"wp:term":[{"taxonomy":"category","embeddable":true,"href":"https:\/\/www.thereportzone.it\/index.php?rest_route=%2Fwp%2Fv2%2Fcategories&post=6181"},{"taxonomy":"post_tag","embeddable":true,"href":"https:\/\/www.thereportzone.it\/index.php?rest_route=%2Fwp%2Fv2%2Ftags&post=6181"}],"curies":[{"name":"wp","href":"https:\/\/api.w.org\/{rel}","templated":true}]}}