{"id":6053,"date":"2016-02-12T08:25:24","date_gmt":"2016-02-12T08:25:24","guid":{"rendered":"http:\/\/www.thereportzone.it\/?p=6053"},"modified":"2016-02-12T08:25:24","modified_gmt":"2016-02-12T08:25:24","slug":"furti-appartamento-arrestato-ladro-professionista-castel-volturno","status":"publish","type":"post","link":"https:\/\/www.thereportzone.it\/?p=6053","title":{"rendered":"Furti in appartamento, arrestato &#8220;ladro professionista&#8221; a Castel Volturno"},"content":{"rendered":"<p><strong>12 Febbraio 2016 &#8211; CASTEL VOLTURNO.<\/strong>\u00a0I Carabinieri della Stazione di Castel Volturno (CE), in via Pietro Tenerani di quel centro, hanno eseguito l\u2019ordine di carcerazione emesso dalla Procura Generale della Repubblica presso la Corte d\u2019Appello di Firenze, nei confronti del pregiudicato serbo Radosavljevic Valentino, cl. 1987, irregolare sul territorio nazionale.<br \/>\nL\u2019uomo, gi\u00e0 sottoposto agli arresti domiciliari, a seguito dell\u2019unificazione delle pene disposte dall\u2019Autorit\u00e0 Giudiziaria, dovr\u00e0 espiare la pena residua di anni 1, mesi 3 e giorni 3 di reclusione, poich\u00e9 riconosciuto colpevole di concorso in furto aggravato in appartamento e danneggiamento, commessi nel 2008 in Santa Teresa di Gallura (SS) e nel 2013 in Porto Ferraio (LI). L\u2019arrestato \u00e8 stato accompagnato presso la casa circondariale di Santa Maria Capua Vetere (CE).<\/p>\n","protected":false},"excerpt":{"rendered":"<p>12 Febbraio 2016 &#8211; CASTEL VOLTURNO.\u00a0I Carabinieri della Stazione di Castel Volturno (CE), in via Pietro Tenerani di<\/p>\n","protected":false},"author":2,"featured_media":0,"comment_status":"closed","ping_status":"closed","sticky":false,"template":"","format":"standard","meta":{"sfsi_plus_gutenberg_text_before_share":"","sfsi_plus_gutenberg_show_text_before_share":"","sfsi_plus_gutenberg_icon_type":"","sfsi_plus_gutenberg_icon_alignemt":"","sfsi_plus_gutenburg_max_per_row":"","footnotes":""},"categories":[8],"tags":[1595,16,1596,2041,2042],"class_list":["post-6053","post","type-post","status-publish","format-standard","hentry","category-cronaca","tag-arresti-castel-volturno","tag-carabinieri","tag-carabinieri-castel-volturno","tag-furti-in-appartamento-castel-volturnio","tag-furto-castel-volturno"],"_links":{"self":[{"href":"https:\/\/www.thereportzone.it\/index.php?rest_route=\/wp\/v2\/posts\/6053"}],"collection":[{"href":"https:\/\/www.thereportzone.it\/index.php?rest_route=\/wp\/v2\/posts"}],"about":[{"href":"https:\/\/www.thereportzone.it\/index.php?rest_route=\/wp\/v2\/types\/post"}],"author":[{"embeddable":true,"href":"https:\/\/www.thereportzone.it\/index.php?rest_route=\/wp\/v2\/users\/2"}],"replies":[{"embeddable":true,"href":"https:\/\/www.thereportzone.it\/index.php?rest_route=%2Fwp%2Fv2%2Fcomments&post=6053"}],"version-history":[{"count":0,"href":"https:\/\/www.thereportzone.it\/index.php?rest_route=\/wp\/v2\/posts\/6053\/revisions"}],"wp:attachment":[{"href":"https:\/\/www.thereportzone.it\/index.php?rest_route=%2Fwp%2Fv2%2Fmedia&parent=6053"}],"wp:term":[{"taxonomy":"category","embeddable":true,"href":"https:\/\/www.thereportzone.it\/index.php?rest_route=%2Fwp%2Fv2%2Fcategories&post=6053"},{"taxonomy":"post_tag","embeddable":true,"href":"https:\/\/www.thereportzone.it\/index.php?rest_route=%2Fwp%2Fv2%2Ftags&post=6053"}],"curies":[{"name":"wp","href":"https:\/\/api.w.org\/{rel}","templated":true}]}}