{"id":5981,"date":"2016-02-10T20:20:54","date_gmt":"2016-02-10T20:20:54","guid":{"rendered":"http:\/\/www.thereportzone.it\/?p=5981"},"modified":"2016-02-10T20:20:54","modified_gmt":"2016-02-10T20:20:54","slug":"congresso-gd-recale-presente-nostro-avanti","status":"publish","type":"post","link":"https:\/\/www.thereportzone.it\/?p=5981","title":{"rendered":"Congresso GD Recale: &#8220;Il presente \u00e8 nostro, andiamo avanti&#8221;"},"content":{"rendered":"<p><strong>10 Febbraio 2016 &#8211; RECALE.<\/strong>\u00a0A 4 anni dal primo Congresso, nella serata di luned\u00ec 8 febbraio, presso la sezione \u201cPier Paolo Pasolini\u201d, si \u00e8 tenuto il Secondo Congresso dei Giovani Democratici di Recale. In un clima di determinazione, soddisfazione e buoni propositi, durante il convegno, i Giovani Democratici sono riusciti a far trasparire la loro voglia di essere protagonisti attivi del loro presente, guardando con fiducia e speranza al futuro, lanciando idee e proposte di rinnovamento. Il Congresso, moderato da Raffaella Alberico, ha goduto di un\u2019ampia partecipazione, di un dibattito forte e positivo, ma soprattutto di interventi penetranti e costruttivi. Primo fra tutti quello del segretario uscente Angelo Anemola: \u00abSono passati circa 4 anni dal nostro primo Congresso, eravamo una sezione di pochi militanti. Con il tempo siamo cresciuti e ci siamo resi protagonisti di tante iniziative sociali e politiche, rispettando e lavorando con sinergia con le altre associazioni del nostro territorio.<br \/>\nTante cose sono state fatte in questi anni, ma ci\u00f2 non fermer\u00e0 la nostra voglia di migliorare e accettare nuove sfide seguendo sempre la regola del noi e non dell\u2019io. Penso alle prossime elezioni amministrative del 2017, in cui il Partito Democratico dovr\u00e0 essere protagonista di una proposta di governo della citt\u00e0 fortemente innovativa. Noi come Giovani Democratici dovremo essere la colonna portante di questo processo di rinnovamento. \u00c8 un percorso non semplice quello che ci aspetta, ma sono convinto che insieme, con coraggio, volont\u00e0, umilt\u00e0 ed entusiasmo riusciremo ad affrontare tutte le sfide. Auguro un in bocca al lupo a tutti noi\u00bb.<br \/>\nIn seguito, l\u2019intervento del neopresidente Domenico Anemola, che ha illustrato i punti programmatici della nuova segreteria: \u00abCome \u00e8 sempre stata, la nostra sezione continuer\u00e0 ad essere luogo di aggregazione dei giovani, punto di discussione dei disagi dei cittadini, perch\u00e9 siamo ormai pronti a candidarci alle prossime elezioni amministrative di Recale per un\u2019azione di rinnovamento della classe dirigente locale\u00bb. Terzo l\u2019intervento del nuovo segretario Michele Landolfo che, dopo i sentiti ringraziamenti al predecessore e il ricordo del loro primo incontro quattro anni fa, ha espresso la volont\u00e0 e la determinazione di continuare a far bene sul territorio. \u00abImpegnarsi in politica vuol dire mettersi in gioco, rimboccarsi le maniche e studiare le soluzioni che possono migliorare la gestione delle risorse pubbliche, per il bene dei cittadini.<br \/>\nCon umilt\u00e0 e dedizione. Sono davvero onorato di rappresentare questo grandioso gruppo e sento la responsabilit\u00e0 che, da domani, graver\u00e0 sulle mie spalle. Tutto ci\u00f2 non mi spaventa, ed \u00e8 un\u2019importante sfida che accetto di affrontare insieme con tutti voi. Ripudiamo il modello di \u201cpolitica da elezioni\u201d che si sintetizza in logiche politiche desuete incentrate sui \u201cvotifici\u201d delle lobby familiari recalesi. Ci candidiamo per essere non un\u2019alternativa, bens\u00ec l\u2019alternativa. Siamo mossi da nuovi propositi che intendiamo porre all\u2019interno dell\u2019agenda del governo cittadino\u00bb.<br \/>\nIntensi sono stati, anche, gli interventi da parte del pubblico che hanno arricchito la fase congressuale, come quelli esposti dagli esponenti PD Michele Lasco, Vincenzo Landolfo e Peppe Lasco; tutti concordi nell\u2019esprimere l\u2019orgoglio verso questo gruppo di giovani, e dai militanti GD Giovanni Ragozzino, Donato Martone e Sabrina Nicol\u00f2, uniti nel ringraziare il segretario Anemola e nell\u2019esprimere la determinazione del gruppo.<br \/>\nInfine, si \u00e8 proceduto all\u2019elezione per acclamazione della nuova segreteria direttiva che presenta la seguente formazione: Domenico Anemola nominato Presidente dei Giovani Democratici sezione \u201cP.P. Pasolini\u201d, Michele Landolfo nominato segretario e Donato Martone nominato delegato provinciale. La segreteria, inoltre, vedr\u00e0 la presenza di Giovanni Ragozzino, con la delega come responsabile organizzazione nonch\u00e9 tesoriere della sezione, e Raffaella Alberico, con delega alla Comunicazione e all\u2019ufficio stampa.<\/p>\n","protected":false},"excerpt":{"rendered":"<p>10 Febbraio 2016 &#8211; RECALE.\u00a0A 4 anni dal primo Congresso, nella serata di luned\u00ec 8 febbraio, presso la<\/p>\n","protected":false},"author":2,"featured_media":5982,"comment_status":"closed","ping_status":"closed","sticky":false,"template":"","format":"standard","meta":{"sfsi_plus_gutenberg_text_before_share":"","sfsi_plus_gutenberg_show_text_before_share":"","sfsi_plus_gutenberg_icon_type":"","sfsi_plus_gutenberg_icon_alignemt":"","sfsi_plus_gutenburg_max_per_row":"","footnotes":""},"categories":[9],"tags":[4475,4476,4477,4478],"class_list":["post-5981","post","type-post","status-publish","format-standard","has-post-thumbnail","hentry","category-politica","tag-gd-recale","tag-giovani-democratici-recale","tag-politica-recale","tag-recale"],"_links":{"self":[{"href":"https:\/\/www.thereportzone.it\/index.php?rest_route=\/wp\/v2\/posts\/5981"}],"collection":[{"href":"https:\/\/www.thereportzone.it\/index.php?rest_route=\/wp\/v2\/posts"}],"about":[{"href":"https:\/\/www.thereportzone.it\/index.php?rest_route=\/wp\/v2\/types\/post"}],"author":[{"embeddable":true,"href":"https:\/\/www.thereportzone.it\/index.php?rest_route=\/wp\/v2\/users\/2"}],"replies":[{"embeddable":true,"href":"https:\/\/www.thereportzone.it\/index.php?rest_route=%2Fwp%2Fv2%2Fcomments&post=5981"}],"version-history":[{"count":0,"href":"https:\/\/www.thereportzone.it\/index.php?rest_route=\/wp\/v2\/posts\/5981\/revisions"}],"wp:featuredmedia":[{"embeddable":true,"href":"https:\/\/www.thereportzone.it\/index.php?rest_route=\/"}],"wp:attachment":[{"href":"https:\/\/www.thereportzone.it\/index.php?rest_route=%2Fwp%2Fv2%2Fmedia&parent=5981"}],"wp:term":[{"taxonomy":"category","embeddable":true,"href":"https:\/\/www.thereportzone.it\/index.php?rest_route=%2Fwp%2Fv2%2Fcategories&post=5981"},{"taxonomy":"post_tag","embeddable":true,"href":"https:\/\/www.thereportzone.it\/index.php?rest_route=%2Fwp%2Fv2%2Ftags&post=5981"}],"curies":[{"name":"wp","href":"https:\/\/api.w.org\/{rel}","templated":true}]}}