{"id":5589,"date":"2016-02-02T14:17:52","date_gmt":"2016-02-02T14:17:52","guid":{"rendered":"http:\/\/www.thereportzone.it\/?p=5589"},"modified":"2016-02-02T14:17:52","modified_gmt":"2016-02-02T14:17:52","slug":"piedimonte-matese-nuova-ala-del-cimitero-pronta-a-breve-lapertura","status":"publish","type":"post","link":"https:\/\/www.thereportzone.it\/?p=5589","title":{"rendered":"PIEDIMONTE MATESE &#8211; Nuova ala del cimitero pronta: a breve l&#8217;apertura"},"content":{"rendered":"<p><br \/>\n<strong>2 Febbraio 2016 &#8211; PIEDIMONTE MATESE<\/strong>.\u00a0Pronta la nuova ala del cimitero di Piedimonte Matese, entro fine mese l\u2019apertura di una prima area alla pubblica fruizione.\u00a0Si avvia verso una prima parziale apertura la nuova area del cimitero comunale di Piedimonte Matese, realizzata nell&#8217;ambito dei lavori di ampliamento che hanno interessato il luogo pubblico negli ultimi anni. L&#8217;Amministrazione comunale guidata da Vincenzo Cappello \u00e8 pronta a consegnare alla comunit\u00e0 una parte dei nuovi spazi che permetteranno alla cittadinanza di fruire di un cimitero pi\u00f9 adatto a rispondere alle esigenze crescenti di tutta la popolazione.<br \/>\nNella nuova ala del camposanto sono ora incorso i lavori di completamento della pavimentazione e del varco di collegamento con l&#8217;area storica, cos\u00ec entro fine mese sar\u00e0 possibile procedere alla sua apertura, limitatamente alle zone gi\u00e0 predisposte alla completa e sicura fruizione da parte dei visitatori. Contestualmente \u00e8 altres\u00ec previsto l&#8217;avvio della fase di consegna dei loculi ai legittimi acquirenti e proprietari.<br \/>\nUna prima parte del progetto \u00e8 dunque prossima a raggiungere il suo traguardo, nonostante i diversi ostacoli di ordine burocratico e giudiziario che negli anni hanno frenato il regolare prosieguo delle opere. I lavori, seguiti costantemente dal consigliere Marcellino Iannotta, sono stati difatti ereditati in fase di stallo dalla prima Giunta Cappello che ne ha preso le redini e seguito gli sviluppi, avviando tutte le azioni necessarie ad uscire dalla fase di immobilismo, superando gli scogli che hanno di fatto rallentato i lavori, oggi pi\u00f9 che mai vicini al punto di arrivo.<br \/>\nPi\u00f9 di 500 nuovi loculi, una nuova sala mortuaria, nuovi locali per il custode, servizi igienici e altre migliorie, permettono di mettere a disposizione della cittadinanza un cimitero comunale pi\u00f9 funzionale e moderno, e soprattutto capace di offrire servizi di maggiore qualit\u00e0. A breve sar\u00e0 perci\u00f2 possibile procedere con l\u2019apertura parziale, e in seguito quella completa, tranquillizzando gli animi di quei cittadini che si erano sentiti preoccupati per gli eccessivi ritardi.<br \/>\nSoddisfatto il sindaco Vincenzo Cappello: \u201cIniziamo a portare a termine un\u2019altra delle importanti opere della nostra citt\u00e0. Dopo quella del parcheggio interrato in piazza De Benedictis, altro progetto bloccato ereditato da questa Amministrazione, anche in questo caso stiamo riusciti a superare tutti gli ostacoli grazie ad un\u2019attenzione costante e ad una buona attivit\u00e0 di programmazione che ci hanno permesso sciogliere tutti i nodi burocratici e avvicinarci al traguardo.\u201d<\/p>\n","protected":false},"excerpt":{"rendered":"<p>2 Febbraio 2016 &#8211; PIEDIMONTE MATESE.\u00a0Pronta la nuova ala del cimitero di Piedimonte Matese, entro fine mese l\u2019apertura<\/p>\n","protected":false},"author":2,"featured_media":5591,"comment_status":"closed","ping_status":"closed","sticky":false,"template":"","format":"standard","meta":{"sfsi_plus_gutenberg_text_before_share":"","sfsi_plus_gutenberg_show_text_before_share":"","sfsi_plus_gutenberg_icon_type":"","sfsi_plus_gutenberg_icon_alignemt":"","sfsi_plus_gutenburg_max_per_row":"","footnotes":""},"categories":[9],"tags":[4423,4424,974,1722,4110],"class_list":["post-5589","post","type-post","status-publish","format-standard","has-post-thumbnail","hentry","category-politica","tag-cimitero-piedimonte-matese","tag-lavori-al-cimitero-di-piedimonte-matese","tag-piedimonte-matese","tag-sindaco-cappello","tag-vincenzo-cappello"],"_links":{"self":[{"href":"https:\/\/www.thereportzone.it\/index.php?rest_route=\/wp\/v2\/posts\/5589"}],"collection":[{"href":"https:\/\/www.thereportzone.it\/index.php?rest_route=\/wp\/v2\/posts"}],"about":[{"href":"https:\/\/www.thereportzone.it\/index.php?rest_route=\/wp\/v2\/types\/post"}],"author":[{"embeddable":true,"href":"https:\/\/www.thereportzone.it\/index.php?rest_route=\/wp\/v2\/users\/2"}],"replies":[{"embeddable":true,"href":"https:\/\/www.thereportzone.it\/index.php?rest_route=%2Fwp%2Fv2%2Fcomments&post=5589"}],"version-history":[{"count":0,"href":"https:\/\/www.thereportzone.it\/index.php?rest_route=\/wp\/v2\/posts\/5589\/revisions"}],"wp:featuredmedia":[{"embeddable":true,"href":"https:\/\/www.thereportzone.it\/index.php?rest_route=\/"}],"wp:attachment":[{"href":"https:\/\/www.thereportzone.it\/index.php?rest_route=%2Fwp%2Fv2%2Fmedia&parent=5589"}],"wp:term":[{"taxonomy":"category","embeddable":true,"href":"https:\/\/www.thereportzone.it\/index.php?rest_route=%2Fwp%2Fv2%2Fcategories&post=5589"},{"taxonomy":"post_tag","embeddable":true,"href":"https:\/\/www.thereportzone.it\/index.php?rest_route=%2Fwp%2Fv2%2Ftags&post=5589"}],"curies":[{"name":"wp","href":"https:\/\/api.w.org\/{rel}","templated":true}]}}