{"id":5557,"date":"2016-02-01T17:12:55","date_gmt":"2016-02-01T17:12:55","guid":{"rendered":"http:\/\/www.thereportzone.it\/?p=5557"},"modified":"2016-02-01T17:12:55","modified_gmt":"2016-02-01T17:12:55","slug":"furto-aggravato-acciuffato-dai-carabinieri-di-sparanise-guarda-la-foto","status":"publish","type":"post","link":"https:\/\/www.thereportzone.it\/?p=5557","title":{"rendered":"Furto aggravato, acciuffato dai carabinieri di Sparanise: GUARDA LA FOTO"},"content":{"rendered":"<p><strong><a href=\"http:\/\/www.thereportzone.it\/wp-content\/uploads\/2016\/02\/cocchione-massimo.jpg\" rel=\"attachment wp-att-5558\"><img fetchpriority=\"high\" decoding=\"async\" class=\"alignright wp-image-5558 size-medium\" src=\"http:\/\/www.thereportzone.it\/wp-content\/uploads\/2016\/02\/cocchione-massimo-208x300.jpg\" alt=\"cocchione massimo\" width=\"208\" height=\"300\" \/><\/a>1 Febbraio 2016 &#8211; CRONACA<\/strong>.\u00a0I Carabinieri della stazione di Sparanise (CE), in quel centro, hanno eseguito un ordine di espiazione pena detentiva emesso dal Tribunale di Sorveglianza di Napoli nei confronti del pregiudicato\u00a0<strong>Cocchinone Massimo<\/strong>, cl. <strong>1966<\/strong>, del luogo. L\u2019uomo dovr\u00e0 espiare una pena di anni 1 e mesi 6 di reclusione perch\u00e9 riconosciuto colpevole di furto aggravato, commesso in Sparanise il nel febbraio del 2010. Lo stesso \u00e8 stato sottoposto alla detenzione domiciliare a disposizione della competente Autorit\u00e0 Giudiziaria.<\/p>\n","protected":false},"excerpt":{"rendered":"<p>1 Febbraio 2016 &#8211; CRONACA.\u00a0I Carabinieri della stazione di Sparanise (CE), in quel centro, hanno eseguito un ordine<\/p>\n","protected":false},"author":2,"featured_media":0,"comment_status":"closed","ping_status":"closed","sticky":false,"template":"","format":"standard","meta":{"sfsi_plus_gutenberg_text_before_share":"","sfsi_plus_gutenberg_show_text_before_share":"","sfsi_plus_gutenberg_icon_type":"","sfsi_plus_gutenberg_icon_alignemt":"","sfsi_plus_gutenburg_max_per_row":"","footnotes":""},"categories":[8],"tags":[1826,1827,1828,1829],"class_list":["post-5557","post","type-post","status-publish","format-standard","hentry","category-cronaca","tag-arresto-sparanise","tag-carabinieri-sparanise","tag-cocchione-massimo","tag-furto-aggravato-sparanise"],"_links":{"self":[{"href":"https:\/\/www.thereportzone.it\/index.php?rest_route=\/wp\/v2\/posts\/5557"}],"collection":[{"href":"https:\/\/www.thereportzone.it\/index.php?rest_route=\/wp\/v2\/posts"}],"about":[{"href":"https:\/\/www.thereportzone.it\/index.php?rest_route=\/wp\/v2\/types\/post"}],"author":[{"embeddable":true,"href":"https:\/\/www.thereportzone.it\/index.php?rest_route=\/wp\/v2\/users\/2"}],"replies":[{"embeddable":true,"href":"https:\/\/www.thereportzone.it\/index.php?rest_route=%2Fwp%2Fv2%2Fcomments&post=5557"}],"version-history":[{"count":0,"href":"https:\/\/www.thereportzone.it\/index.php?rest_route=\/wp\/v2\/posts\/5557\/revisions"}],"wp:attachment":[{"href":"https:\/\/www.thereportzone.it\/index.php?rest_route=%2Fwp%2Fv2%2Fmedia&parent=5557"}],"wp:term":[{"taxonomy":"category","embeddable":true,"href":"https:\/\/www.thereportzone.it\/index.php?rest_route=%2Fwp%2Fv2%2Fcategories&post=5557"},{"taxonomy":"post_tag","embeddable":true,"href":"https:\/\/www.thereportzone.it\/index.php?rest_route=%2Fwp%2Fv2%2Ftags&post=5557"}],"curies":[{"name":"wp","href":"https:\/\/api.w.org\/{rel}","templated":true}]}}