{"id":5407,"date":"2016-01-29T09:36:36","date_gmt":"2016-01-29T09:36:36","guid":{"rendered":"http:\/\/www.thereportzone.it\/?p=5407"},"modified":"2016-01-29T09:36:36","modified_gmt":"2016-01-29T09:36:36","slug":"5407","status":"publish","type":"post","link":"https:\/\/www.thereportzone.it\/?p=5407","title":{"rendered":"Inseguimento lungo l&#8217;Asse Mediano, auto dei carabinieri si ribalta"},"content":{"rendered":"<p><!--more--><br \/>\n<strong>29 Gennaio 2016 &#8211; CRONACA<\/strong>. Incredibile inseguimento lungo l&#8217;Asse Mediano: l&#8217;auto dei carabinieri si ribalta. E&#8217; successo gioved\u00ec\u00a0notte all&#8217;altezza dello svincolo per Aversa. Secondo la ricostruzione due malviventi, a bordo di una moto, avevano appena messo a segno una rapina al centro di Sant&#8217;Antimo, per poi scappare. A quel punto inizia l&#8217;inseguimento sviluppatosi, per lo pi\u00f9, lungo l&#8217;Asse Mediano. Dopo alcuni chilometri ad alta velocit\u00e0, l&#8217;auto dei carabinieri si \u00e8 ribaltata. Per loro \u00e8 risultato necessario il pronto intervento del 118. L&#8217;ambulanza ha trasportato i due uomini dell&#8217;Arma in ospedale.<br \/>\nResta ancora alto l&#8217;allarme lungo l&#8217;Asse Mediano almeno per due motivi: l&#8217;altissima pericolosit\u00e0 dell&#8217;arteria, che miete continui incidente, ed il pericolo di imbattersi in rapinatori e malviventi.<\/p>\n","protected":false},"excerpt":{"rendered":"","protected":false},"author":2,"featured_media":0,"comment_status":"closed","ping_status":"closed","sticky":false,"template":"","format":"standard","meta":{"sfsi_plus_gutenberg_text_before_share":"","sfsi_plus_gutenberg_show_text_before_share":"","sfsi_plus_gutenberg_icon_type":"","sfsi_plus_gutenberg_icon_alignemt":"","sfsi_plus_gutenburg_max_per_row":"","footnotes":""},"categories":[8],"tags":[1772,1773,1560,1774,1775],"class_list":["post-5407","post","type-post","status-publish","format-standard","hentry","category-cronaca","tag-auto-dei-carabinieri-si-ribalta","tag-due-carabinieri-feriti","tag-incidente-asse-mediano","tag-inseguimento-asse-mediano","tag-ladri-asse-mediano"],"_links":{"self":[{"href":"https:\/\/www.thereportzone.it\/index.php?rest_route=\/wp\/v2\/posts\/5407"}],"collection":[{"href":"https:\/\/www.thereportzone.it\/index.php?rest_route=\/wp\/v2\/posts"}],"about":[{"href":"https:\/\/www.thereportzone.it\/index.php?rest_route=\/wp\/v2\/types\/post"}],"author":[{"embeddable":true,"href":"https:\/\/www.thereportzone.it\/index.php?rest_route=\/wp\/v2\/users\/2"}],"replies":[{"embeddable":true,"href":"https:\/\/www.thereportzone.it\/index.php?rest_route=%2Fwp%2Fv2%2Fcomments&post=5407"}],"version-history":[{"count":0,"href":"https:\/\/www.thereportzone.it\/index.php?rest_route=\/wp\/v2\/posts\/5407\/revisions"}],"wp:attachment":[{"href":"https:\/\/www.thereportzone.it\/index.php?rest_route=%2Fwp%2Fv2%2Fmedia&parent=5407"}],"wp:term":[{"taxonomy":"category","embeddable":true,"href":"https:\/\/www.thereportzone.it\/index.php?rest_route=%2Fwp%2Fv2%2Fcategories&post=5407"},{"taxonomy":"post_tag","embeddable":true,"href":"https:\/\/www.thereportzone.it\/index.php?rest_route=%2Fwp%2Fv2%2Ftags&post=5407"}],"curies":[{"name":"wp","href":"https:\/\/api.w.org\/{rel}","templated":true}]}}