{"id":5160,"date":"2016-01-22T16:09:59","date_gmt":"2016-01-22T16:09:59","guid":{"rendered":"http:\/\/www.thereportzone.it\/?p=5160"},"modified":"2016-01-22T16:09:59","modified_gmt":"2016-01-22T16:09:59","slug":"5160","status":"publish","type":"post","link":"https:\/\/www.thereportzone.it\/?p=5160","title":{"rendered":"ELEZIONI SESSA AURUNCA &#8211; Ipotesi lista civica di De Santis"},"content":{"rendered":"<p><strong>22 Gennaio 2016 &#8211; SESSA AURUNCA<\/strong>. Le elezioni comunali di Sessa Aurunca si avvicinano ed il clima politico \u00e8 in pieno fermento. Ancora da stabilire come si metteranno le cose e quale assetto caratterizzer\u00e0 le varie correnti politiche ma qualcosa inizia ad emergere. Tra le varie ipotesi si va accreditando sempre di pi\u00f9 la possibile discesa in campo di Geppino De Santis. Se De Santis scender\u00e0 in campo non star\u00e0 dalla parte di Grimaldi, ci sar\u00e0 una lista civica. Con chi? Questo non si sa ancora perch\u00e8, per l&#8217;appunto, tutto sarebbe ancora in fase di assestamento. Le intenzioni di De Santis, tuttavia, sono\u00a0ancora tutte da definire ed il programma elettorale. Staremo a vedere se emergeranno ulteriori particolari nelle prossime ore.<\/p>\n","protected":false},"excerpt":{"rendered":"<p>22 Gennaio 2016 &#8211; SESSA AURUNCA. Le elezioni comunali di Sessa Aurunca si avvicinano ed il clima politico<\/p>\n","protected":false},"author":2,"featured_media":5161,"comment_status":"closed","ping_status":"closed","sticky":false,"template":"","format":"standard","meta":{"sfsi_plus_gutenberg_text_before_share":"","sfsi_plus_gutenberg_show_text_before_share":"","sfsi_plus_gutenberg_icon_type":"","sfsi_plus_gutenberg_icon_alignemt":"","sfsi_plus_gutenburg_max_per_row":"","footnotes":""},"categories":[9],"tags":[4365,4366,2687,195,3661,1011,4367],"class_list":["post-5160","post","type-post","status-publish","format-standard","has-post-thumbnail","hentry","category-politica","tag-elezioni-comunali-sessa-aurunca","tag-francesco-de-santis","tag-geppino-de-santis-sessa-aurunca","tag-politica-2","tag-politica-sessa-aurunca","tag-sessa-aurunca","tag-sindaco-sessa-aurunca"],"_links":{"self":[{"href":"https:\/\/www.thereportzone.it\/index.php?rest_route=\/wp\/v2\/posts\/5160"}],"collection":[{"href":"https:\/\/www.thereportzone.it\/index.php?rest_route=\/wp\/v2\/posts"}],"about":[{"href":"https:\/\/www.thereportzone.it\/index.php?rest_route=\/wp\/v2\/types\/post"}],"author":[{"embeddable":true,"href":"https:\/\/www.thereportzone.it\/index.php?rest_route=\/wp\/v2\/users\/2"}],"replies":[{"embeddable":true,"href":"https:\/\/www.thereportzone.it\/index.php?rest_route=%2Fwp%2Fv2%2Fcomments&post=5160"}],"version-history":[{"count":0,"href":"https:\/\/www.thereportzone.it\/index.php?rest_route=\/wp\/v2\/posts\/5160\/revisions"}],"wp:featuredmedia":[{"embeddable":true,"href":"https:\/\/www.thereportzone.it\/index.php?rest_route=\/"}],"wp:attachment":[{"href":"https:\/\/www.thereportzone.it\/index.php?rest_route=%2Fwp%2Fv2%2Fmedia&parent=5160"}],"wp:term":[{"taxonomy":"category","embeddable":true,"href":"https:\/\/www.thereportzone.it\/index.php?rest_route=%2Fwp%2Fv2%2Fcategories&post=5160"},{"taxonomy":"post_tag","embeddable":true,"href":"https:\/\/www.thereportzone.it\/index.php?rest_route=%2Fwp%2Fv2%2Ftags&post=5160"}],"curies":[{"name":"wp","href":"https:\/\/api.w.org\/{rel}","templated":true}]}}