{"id":4961,"date":"2016-01-16T17:48:11","date_gmt":"2016-01-16T17:48:11","guid":{"rendered":"http:\/\/www.thereportzone.it\/?p=4961"},"modified":"2016-01-16T17:48:11","modified_gmt":"2016-01-16T17:48:11","slug":"renzi-a-caserta-il-premier-snobba-lassociazione-terra-dei-fuochi-e-polemica","status":"publish","type":"post","link":"https:\/\/www.thereportzone.it\/?p=4961","title":{"rendered":"RENZI A CASERTA &#8211; Il Premier &#8220;snobba&#8221; l&#8217;Associazione Terra dei Fuochi: scoppia il caso"},"content":{"rendered":"<p><strong>16 Gennaio 2016 &#8211; CASERTA.<\/strong> La visita di Matteo Renzi a Caserta sta conquistando le prime pagine di tutti i quotidiani della Provincia ma non tutto \u00e8 andato come doveva. All&#8217;incontro fortemente voluto dalle Associazione per la Terra dei Fuochi non \u00e8 stato prestato orecchio e adesso \u00e8 polemica. E&#8217; polemica anche e soprattutto per un allarme che, da anni, continua a crescere e, a quanto pare, le misure messe in campo dal governo centrale non sono in grado di arginare. Queste le dichiarazioni di\u00a0Angelo Ferrillo, portavoce dell\u2019Associazione La Terra dei Fuochi dice: \u201cSiamo stati esclusi dall\u2019incontro con Matteo Renzi.\u00a0Le notizie inizialmente riportare dai giornali non sono state confermate dai fatti. Ennesima occasione sprecata. Evidentemente le nostre istanze danno fastidio e non c\u2019\u00e8 la volont\u00e0 politica di dare una vera svolta. Cos\u00ec facendo la Terra dei Fuochi\u00a0continuer\u00e0 a bruciare\u201d. Per l\u2019arrivo di Matteo Renzi a Caserta c\u2019era stata una grande mobilitazione e le Associazioni, questa mattina, si sono recate nello spazio antistante la Reggia di Caserta.<\/p>\n","protected":false},"excerpt":{"rendered":"<p>16 Gennaio 2016 &#8211; CASERTA. La visita di Matteo Renzi a Caserta sta conquistando le prime pagine di<\/p>\n","protected":false},"author":2,"featured_media":0,"comment_status":"closed","ping_status":"closed","sticky":false,"template":"","format":"standard","meta":{"sfsi_plus_gutenberg_text_before_share":"","sfsi_plus_gutenberg_show_text_before_share":"","sfsi_plus_gutenberg_icon_type":"","sfsi_plus_gutenberg_icon_alignemt":"","sfsi_plus_gutenburg_max_per_row":"","footnotes":""},"categories":[9],"tags":[1488,1490,1544,1491,1492,550],"class_list":["post-4961","post","type-post","status-publish","format-standard","hentry","category-politica","tag-angelo-ferrillo","tag-matteo-renzi","tag-matteo-renzi-a-caserta","tag-premier-matteo-renzi","tag-renzi-a-caserta","tag-terra-dei-fuochi"],"_links":{"self":[{"href":"https:\/\/www.thereportzone.it\/index.php?rest_route=\/wp\/v2\/posts\/4961"}],"collection":[{"href":"https:\/\/www.thereportzone.it\/index.php?rest_route=\/wp\/v2\/posts"}],"about":[{"href":"https:\/\/www.thereportzone.it\/index.php?rest_route=\/wp\/v2\/types\/post"}],"author":[{"embeddable":true,"href":"https:\/\/www.thereportzone.it\/index.php?rest_route=\/wp\/v2\/users\/2"}],"replies":[{"embeddable":true,"href":"https:\/\/www.thereportzone.it\/index.php?rest_route=%2Fwp%2Fv2%2Fcomments&post=4961"}],"version-history":[{"count":0,"href":"https:\/\/www.thereportzone.it\/index.php?rest_route=\/wp\/v2\/posts\/4961\/revisions"}],"wp:attachment":[{"href":"https:\/\/www.thereportzone.it\/index.php?rest_route=%2Fwp%2Fv2%2Fmedia&parent=4961"}],"wp:term":[{"taxonomy":"category","embeddable":true,"href":"https:\/\/www.thereportzone.it\/index.php?rest_route=%2Fwp%2Fv2%2Fcategories&post=4961"},{"taxonomy":"post_tag","embeddable":true,"href":"https:\/\/www.thereportzone.it\/index.php?rest_route=%2Fwp%2Fv2%2Ftags&post=4961"}],"curies":[{"name":"wp","href":"https:\/\/api.w.org\/{rel}","templated":true}]}}