{"id":4936,"date":"2016-01-16T12:08:14","date_gmt":"2016-01-16T12:08:14","guid":{"rendered":"http:\/\/www.thereportzone.it\/?p=4936"},"modified":"2016-01-16T12:08:14","modified_gmt":"2016-01-16T12:08:14","slug":"4936","status":"publish","type":"post","link":"https:\/\/www.thereportzone.it\/?p=4936","title":{"rendered":"RENZI A CASERTA &#8211; Il Premier respinge l&#8217;Associazione La Terra dei Fuochi"},"content":{"rendered":"<p><strong>16 Gennaio 2016 &#8211; CASERTA<\/strong>. Nessun incontro tra le Associazioni Terra dei Fuochi e Matteo Renzi. Angelo Ferrillo, portavoce dell&#8217;Associazione La Terra dei Fuochi dice: &#8220;Siamo stati esclusi dall&#8217;incontro con Matteo Renzi.\u00a0Le notizie inizialmente riportare dai giornali non sono state confermate dai fatti. Ennesima occasione sprecata. Evidentemente le nostre istanze danno fastidio e non c&#8217;\u00e8 la volont\u00e0 politica di dare una vera svolta. Cos\u00ec facendo la Terra dei Fuochi\u00a0continuer\u00e0 a bruciare&#8221;. Per l&#8217;arrivo di Matteo Renzi a Caserta c&#8217;era stata una grande mobilitazione e le Associazioni, questa mattina, si sono recate nello spazio antistante la Reggia di Caserta.<\/p>\n","protected":false},"excerpt":{"rendered":"<p>16 Gennaio 2016 &#8211; CASERTA. Nessun incontro tra le Associazioni Terra dei Fuochi e Matteo Renzi. Angelo Ferrillo,<\/p>\n","protected":false},"author":2,"featured_media":4889,"comment_status":"closed","ping_status":"closed","sticky":false,"template":"","format":"standard","meta":{"sfsi_plus_gutenberg_text_before_share":"","sfsi_plus_gutenberg_show_text_before_share":"","sfsi_plus_gutenberg_icon_type":"","sfsi_plus_gutenberg_icon_alignemt":"","sfsi_plus_gutenburg_max_per_row":"","footnotes":""},"categories":[8],"tags":[1531,1532,1490,1492,550,1533],"class_list":["post-4936","post","type-post","status-publish","format-standard","has-post-thumbnail","hentry","category-cronaca","tag-angelo-ferrillo-caserta","tag-angelo-ferrillo-terra-dei-fuochi","tag-matteo-renzi","tag-renzi-a-caserta","tag-terra-dei-fuochi","tag-terra-dei-fuochi-caserta"],"_links":{"self":[{"href":"https:\/\/www.thereportzone.it\/index.php?rest_route=\/wp\/v2\/posts\/4936"}],"collection":[{"href":"https:\/\/www.thereportzone.it\/index.php?rest_route=\/wp\/v2\/posts"}],"about":[{"href":"https:\/\/www.thereportzone.it\/index.php?rest_route=\/wp\/v2\/types\/post"}],"author":[{"embeddable":true,"href":"https:\/\/www.thereportzone.it\/index.php?rest_route=\/wp\/v2\/users\/2"}],"replies":[{"embeddable":true,"href":"https:\/\/www.thereportzone.it\/index.php?rest_route=%2Fwp%2Fv2%2Fcomments&post=4936"}],"version-history":[{"count":0,"href":"https:\/\/www.thereportzone.it\/index.php?rest_route=\/wp\/v2\/posts\/4936\/revisions"}],"wp:featuredmedia":[{"embeddable":true,"href":"https:\/\/www.thereportzone.it\/index.php?rest_route=\/"}],"wp:attachment":[{"href":"https:\/\/www.thereportzone.it\/index.php?rest_route=%2Fwp%2Fv2%2Fmedia&parent=4936"}],"wp:term":[{"taxonomy":"category","embeddable":true,"href":"https:\/\/www.thereportzone.it\/index.php?rest_route=%2Fwp%2Fv2%2Fcategories&post=4936"},{"taxonomy":"post_tag","embeddable":true,"href":"https:\/\/www.thereportzone.it\/index.php?rest_route=%2Fwp%2Fv2%2Ftags&post=4936"}],"curies":[{"name":"wp","href":"https:\/\/api.w.org\/{rel}","templated":true}]}}