{"id":4918,"date":"2016-01-16T08:25:56","date_gmt":"2016-01-16T08:25:56","guid":{"rendered":"http:\/\/www.thereportzone.it\/?p=4918"},"modified":"2016-01-16T08:25:56","modified_gmt":"2016-01-16T08:25:56","slug":"il-consigliere-regionale-luigi-bosco-nomina-carmela-natale-referente-di-terra-libera","status":"publish","type":"post","link":"https:\/\/www.thereportzone.it\/?p=4918","title":{"rendered":"Il Consigliere Regionale Luigi Bosco nomina Carmela Natale referente di Terra Libera"},"content":{"rendered":"<p><strong>16 Gennaio 2016 &#8211; MACERATA CAMPANIA<\/strong>.\u00a0\u2018Terra libera\u2019, il movimento diretta espressione del consigliere regionale Luigi Bosco, sbarca a Macerata Campania e per l\u2019occasione si tinge di \u2018rosa\u2019 con la nomina a referente locale di Carmela Natale. Avvocato di professione, da sempre impegnata nel sociale, la Natale accoglie con grande entusiasmo l\u2019importante incarico conferito nella giornata di ieri dal consigliere regionale Bosco. \u00abPer me \u2013 ha affermato &#8211; \u00e8 un\u2019enorme soddisfazione essere stata indicata responsabile di Macerata Campania di \u2018Terra libera\u2019. Il movimento del consigliere regionale Luigi Bosco rappresenta una delle novit\u00e0 pi\u00f9 interessanti nel panorama politico provinciale. Dopo l\u2019importante risultato personale raccolto a Macerata Campania, il vice presidente della commissione consiliare alle Attivit\u00e0 produttive, Industria, Commercio e Turismo Bosco ha iniziato subito a lavorare per il territorio e con la mia nomina ha dimostrato l\u2019attaccamento per la nostra citt\u00e0. Adesso, \u00e8 giunto il momento di operare, soprattutto in prospettiva, affinch\u00e9 il movimento \u2018Terra libera\u2019 abbia uno sviluppo sociale e politico in tutta la citt\u00e0. Per il nostro Comune \u2013 conclude Carmela Natale \u2013 sar\u00e0 fondamentale avere un contatto diretto con un rappresentate della Regione, ente erogatrice di servizi e finanziamenti di capitale importanza per un paese come il nostro\u00bb.\u00a0Il consigliere regionale Bosco ha riferito: \u00abSono sicuro che Carmela Natale sapr\u00e0 rappresentare in maniera eccelsa \u2018Terra libera\u2019 e sapr\u00e0 contribuire alla crescita del nostro movimento non solo a Macerata Campania ma in tutta la provincia di Caserta\u00bb.<\/p>\n","protected":false},"excerpt":{"rendered":"<p>16 Gennaio 2016 &#8211; MACERATA CAMPANIA.\u00a0\u2018Terra libera\u2019, il movimento diretta espressione del consigliere regionale Luigi Bosco, sbarca a<\/p>\n","protected":false},"author":2,"featured_media":0,"comment_status":"closed","ping_status":"closed","sticky":false,"template":"","format":"standard","meta":{"sfsi_plus_gutenberg_text_before_share":"","sfsi_plus_gutenberg_show_text_before_share":"","sfsi_plus_gutenberg_icon_type":"","sfsi_plus_gutenberg_icon_alignemt":"","sfsi_plus_gutenburg_max_per_row":"","footnotes":""},"categories":[9],"tags":[4305,4306,4307,4133,4308,4309,944,4310],"class_list":["post-4918","post","type-post","status-publish","format-standard","hentry","category-politica","tag-associazione-terra-mia","tag-carmela-natale","tag-carmela-natale-terra-mia","tag-consigliere-luigi-bosco","tag-consigliere-regionale-luigi-bosco","tag-luigi-bosco-regione","tag-macerata-campania","tag-terra-mia-macerata-campania"],"_links":{"self":[{"href":"https:\/\/www.thereportzone.it\/index.php?rest_route=\/wp\/v2\/posts\/4918"}],"collection":[{"href":"https:\/\/www.thereportzone.it\/index.php?rest_route=\/wp\/v2\/posts"}],"about":[{"href":"https:\/\/www.thereportzone.it\/index.php?rest_route=\/wp\/v2\/types\/post"}],"author":[{"embeddable":true,"href":"https:\/\/www.thereportzone.it\/index.php?rest_route=\/wp\/v2\/users\/2"}],"replies":[{"embeddable":true,"href":"https:\/\/www.thereportzone.it\/index.php?rest_route=%2Fwp%2Fv2%2Fcomments&post=4918"}],"version-history":[{"count":0,"href":"https:\/\/www.thereportzone.it\/index.php?rest_route=\/wp\/v2\/posts\/4918\/revisions"}],"wp:attachment":[{"href":"https:\/\/www.thereportzone.it\/index.php?rest_route=%2Fwp%2Fv2%2Fmedia&parent=4918"}],"wp:term":[{"taxonomy":"category","embeddable":true,"href":"https:\/\/www.thereportzone.it\/index.php?rest_route=%2Fwp%2Fv2%2Fcategories&post=4918"},{"taxonomy":"post_tag","embeddable":true,"href":"https:\/\/www.thereportzone.it\/index.php?rest_route=%2Fwp%2Fv2%2Ftags&post=4918"}],"curies":[{"name":"wp","href":"https:\/\/api.w.org\/{rel}","templated":true}]}}