{"id":46765,"date":"2026-04-27T13:12:47","date_gmt":"2026-04-27T11:12:47","guid":{"rendered":"https:\/\/www.thereportzone.it\/?p=46765"},"modified":"2026-04-27T13:12:47","modified_gmt":"2026-04-27T11:12:47","slug":"castel-volturno-comitato-civico-no-cpr-stasera-lincontro-pubblico-presso-il-circolo-pd","status":"publish","type":"post","link":"https:\/\/www.thereportzone.it\/?p=46765","title":{"rendered":"CASTEL VOLTURNO &#8211; Comitato Civico NO CPR, stasera l\u2019incontro pubblico presso il Circolo PD"},"content":{"rendered":"\r\n<figure><\/figure>\r\n<figure><\/figure>\r\n<p><img fetchpriority=\"high\" decoding=\"async\" class=\"aligncenter size-full wp-image-45332\" src=\"https:\/\/www.thereportzone.it\/wp-content\/uploads\/2025\/11\/JARAMA-BANNER-PREGANZIOL-1.png\" alt=\"\" width=\"1078\" height=\"482\" srcset=\"https:\/\/www.thereportzone.it\/wp-content\/uploads\/2025\/11\/JARAMA-BANNER-PREGANZIOL-1.png 1078w, https:\/\/www.thereportzone.it\/wp-content\/uploads\/2025\/11\/JARAMA-BANNER-PREGANZIOL-1-300x134.png 300w, https:\/\/www.thereportzone.it\/wp-content\/uploads\/2025\/11\/JARAMA-BANNER-PREGANZIOL-1-1024x458.png 1024w, https:\/\/www.thereportzone.it\/wp-content\/uploads\/2025\/11\/JARAMA-BANNER-PREGANZIOL-1-768x343.png 768w\" sizes=\"(max-width: 1078px) 100vw, 1078px\" \/><\/p>\r\n<figure><\/figure>\r\n<figure><\/figure>\r\n<p>&nbsp;<\/p>\r\n<p>Si terr\u00e0 questa sera, luned\u00ec 27 aprile alle ore 20.30, presso il Circolo PD di Via Fiume 18 a Castel Volturno, l\u2019incontro pubblico per la costituzione del Comitato Civico NO CPR.<\/p>\r\n<p>L\u2019iniziativa nasce dall\u2019esigenza di aprire uno spazio di confronto serio e partecipato sul tema dei Centri di Permanenza per il Rimpatrio e sulle ricadute che tali strutture avrebbero sul territorio.<\/p>\r\n<p>\u00abQuello di stasera non \u00e8 un appuntamento simbolico, ma un passaggio concreto per dare voce a una comunit\u00e0 che chiede partecipazione sulle scelte che riguardano il territorio. Il nostro obiettivo \u00e8 costruire un percorso condiviso che metta al centro la tutela della comunit\u00e0, la coesione sociale e il rispetto delle persone. Stasera iniziamo questo lavoro insieme\u00bb, dichiara Alessandro Buffardi, Segretario del PD di Castel Volturno.<\/p>\r\n<p>L\u2019incontro rappresenta il primo passo di un percorso aperto alla cittadinanza, finalizzato alla costruzione di una posizione comune e informata. <br \/>La partecipazione \u00e8 aperta a tutte e tutti.<\/p>\r\n<p>&nbsp;<\/p>\r\n<figure><\/figure>\r\n<figure><\/figure>\r\n<figure><\/figure>\r\n<figure class=\"wp-block-image aligncenter size-full\"><img decoding=\"async\" width=\"700\" height=\"700\" class=\"wp-image-38336 aligncenter\" src=\"https:\/\/thereportzone.it\/wp-content\/uploads\/2023\/03\/NUOVO-BANNER-NAVE.png\" alt=\"\" \/><\/figure>\r\n<p><img decoding=\"async\" class=\"aligncenter size-full wp-image-43098\" src=\"https:\/\/www.thereportzone.it\/wp-content\/uploads\/2025\/03\/LINKK-2.jpg\" alt=\"\" width=\"768\" height=\"432\" srcset=\"https:\/\/www.thereportzone.it\/wp-content\/uploads\/2025\/03\/LINKK-2.jpg 768w, https:\/\/www.thereportzone.it\/wp-content\/uploads\/2025\/03\/LINKK-2-300x169.jpg 300w\" sizes=\"(max-width: 768px) 100vw, 768px\" \/><\/p>\r\n\r\n\r\n\r\n<p>&nbsp;<\/p>\r\n<p>&nbsp;<\/p>\r\n\r\n\r\n\r\n<h2 class=\"wp-block-heading has-text-align-center\" style=\"text-align: center;\">TIENITI AGGIORNATO SULLE NOTIZIE DELLA CITTA&#8217;, CLICCA SUL LOGO QUI SOTTO E SEGUI LA PAGINA &#8220;QUESTO E&#8217; MONDRAGONE&#8221;<\/h2>\r\n\r\n\r\n\r\n<figure class=\"wp-block-image aligncenter size-large\"><\/figure>\r\n<p><a href=\"https:\/\/www.facebook.com\/QUESTOEMONDRAGONE\"><img loading=\"lazy\" decoding=\"async\" class=\"aligncenter wp-image-46733 size-full\" src=\"https:\/\/www.thereportzone.it\/wp-content\/uploads\/2026\/04\/logo-2026-1000-x-1000-px.png\" alt=\"\" width=\"1000\" height=\"1000\" srcset=\"https:\/\/www.thereportzone.it\/wp-content\/uploads\/2026\/04\/logo-2026-1000-x-1000-px.png 1000w, https:\/\/www.thereportzone.it\/wp-content\/uploads\/2026\/04\/logo-2026-1000-x-1000-px-300x300.png 300w, https:\/\/www.thereportzone.it\/wp-content\/uploads\/2026\/04\/logo-2026-1000-x-1000-px-150x150.png 150w, https:\/\/www.thereportzone.it\/wp-content\/uploads\/2026\/04\/logo-2026-1000-x-1000-px-768x768.png 768w\" sizes=\"(max-width: 1000px) 100vw, 1000px\" \/><\/a><\/p>\r\n","protected":false},"excerpt":{"rendered":"<p>&nbsp; &nbsp; TIENITI AGGIORNATO SULLE NOTIZIE DELLA CITTA&#8217;, CLICCA SUL LOGO QUI SOTTO E SEGUI LA PAGINA &#8220;QUESTO<\/p>\n","protected":false},"author":6,"featured_media":46766,"comment_status":"closed","ping_status":"closed","sticky":false,"template":"","format":"standard","meta":{"sfsi_plus_gutenberg_text_before_share":"","sfsi_plus_gutenberg_show_text_before_share":"","sfsi_plus_gutenberg_icon_type":"","sfsi_plus_gutenberg_icon_alignemt":"","sfsi_plus_gutenburg_max_per_row":"","footnotes":""},"categories":[8,9],"tags":[],"class_list":["post-46765","post","type-post","status-publish","format-standard","has-post-thumbnail","hentry","category-cronaca","category-politica"],"_links":{"self":[{"href":"https:\/\/www.thereportzone.it\/index.php?rest_route=\/wp\/v2\/posts\/46765"}],"collection":[{"href":"https:\/\/www.thereportzone.it\/index.php?rest_route=\/wp\/v2\/posts"}],"about":[{"href":"https:\/\/www.thereportzone.it\/index.php?rest_route=\/wp\/v2\/types\/post"}],"author":[{"embeddable":true,"href":"https:\/\/www.thereportzone.it\/index.php?rest_route=\/wp\/v2\/users\/6"}],"replies":[{"embeddable":true,"href":"https:\/\/www.thereportzone.it\/index.php?rest_route=%2Fwp%2Fv2%2Fcomments&post=46765"}],"version-history":[{"count":1,"href":"https:\/\/www.thereportzone.it\/index.php?rest_route=\/wp\/v2\/posts\/46765\/revisions"}],"predecessor-version":[{"id":46767,"href":"https:\/\/www.thereportzone.it\/index.php?rest_route=\/wp\/v2\/posts\/46765\/revisions\/46767"}],"wp:featuredmedia":[{"embeddable":true,"href":"https:\/\/www.thereportzone.it\/index.php?rest_route=\/wp\/v2\/media\/46766"}],"wp:attachment":[{"href":"https:\/\/www.thereportzone.it\/index.php?rest_route=%2Fwp%2Fv2%2Fmedia&parent=46765"}],"wp:term":[{"taxonomy":"category","embeddable":true,"href":"https:\/\/www.thereportzone.it\/index.php?rest_route=%2Fwp%2Fv2%2Fcategories&post=46765"},{"taxonomy":"post_tag","embeddable":true,"href":"https:\/\/www.thereportzone.it\/index.php?rest_route=%2Fwp%2Fv2%2Ftags&post=46765"}],"curies":[{"name":"wp","href":"https:\/\/api.w.org\/{rel}","templated":true}]}}