{"id":46759,"date":"2026-04-27T11:29:53","date_gmt":"2026-04-27T09:29:53","guid":{"rendered":"https:\/\/www.thereportzone.it\/?p=46759"},"modified":"2026-04-27T11:30:26","modified_gmt":"2026-04-27T09:30:26","slug":"omicidio-iannitti-don-valentino-simoniello-scrive-una-lettera-aperta-alle-comunita-di-lauro-e-san-castrese","status":"publish","type":"post","link":"https:\/\/www.thereportzone.it\/?p=46759","title":{"rendered":"OMICIDIO IANNITTI &#8211; Don Valentino Simoniello scrive una lettera aperta alle comunit\u00e0 di Lauro e San Castrese"},"content":{"rendered":"\r\n<figure><\/figure>\r\n<figure><\/figure>\r\n<p><img fetchpriority=\"high\" decoding=\"async\" class=\"aligncenter size-full wp-image-45332\" src=\"https:\/\/www.thereportzone.it\/wp-content\/uploads\/2025\/11\/JARAMA-BANNER-PREGANZIOL-1.png\" alt=\"\" width=\"1078\" height=\"482\" srcset=\"https:\/\/www.thereportzone.it\/wp-content\/uploads\/2025\/11\/JARAMA-BANNER-PREGANZIOL-1.png 1078w, https:\/\/www.thereportzone.it\/wp-content\/uploads\/2025\/11\/JARAMA-BANNER-PREGANZIOL-1-300x134.png 300w, https:\/\/www.thereportzone.it\/wp-content\/uploads\/2025\/11\/JARAMA-BANNER-PREGANZIOL-1-1024x458.png 1024w, https:\/\/www.thereportzone.it\/wp-content\/uploads\/2025\/11\/JARAMA-BANNER-PREGANZIOL-1-768x343.png 768w\" sizes=\"(max-width: 1078px) 100vw, 1078px\" \/><\/p>\r\n<figure><\/figure>\r\n<figure><\/figure>\r\n<p>&nbsp;<\/p>\r\n<p>Ha scelto il nostro canale Don Valentino Simoniello per rivolgersi alle comunit\u00e0 di Lauro e San Castrese in questi momenti di dolore e sgomento. Originario proprio di Lauro di Sessa Aurunca, Don Valentino non ha mai perso il contatto con la sua comunit\u00e0 d\u2019origine nonostante abbia esercitato il proprio mandato a Falciano del Massico, per molti anni, ed attualmente a Mondragone.\u00a0<\/p>\r\n<p>Una lettera aperta in cui emergono parole di vicinanza e non solo verso tutti i cittadini ed i fedeli.\u00a0<br \/><br \/>\u201cCarissimi, il mio pensiero, in questi giorni cos\u00ec bui, va alla mia comunit\u00e0 di origine, profondamente scossa, insieme a quella di San Castrese, dai recenti fatti di cronaca che hanno strappato alla vita il giovane Vincenzo Iannitti. A lei desidero rivolgermi con affetto sincero e con appartenenza di figlio che condivider\u00e0 per sempre le radici, la storia e il futuro di questo nostro paese.<\/p>\r\n<p>Alla famiglia di Vincenzo giunga la mia pi\u00f9 profonda vicinanza. Non esistono parole capaci di colmare un dolore cos\u00ec grande: quello di genitori che perdono un figlio \u00e8 un sacrario inviolabile, che merita silenzio, rispetto e raccoglimento.<\/p>\r\n<p>Nessuno ha il diritto di profanarlo con allusioni, supposizioni o considerazioni approssimate e superficiali. E se ci pensiamo c\u2019\u00e8 un dolore che, in modo diverso, \u00e8 entrato in pi\u00f9 di una famiglia, per una vita spezzata da chi della vita, altrui e propria, non ha avuto riguardo.<\/p>\r\n<p><br \/>Ai giovani dico: custodite e difendete la bont\u00e0 del vostro vissuto. Non permettete che venti tossici, fatti di giudizi affrettati e spettacolarizzazione del dolore, prendano spazio nelle vostre vite e nei vostri ambienti. Alzate una voce forte, ma unita, capace di dire no a tutto ci\u00f2 che non costruisce, che non rispetta, che non onora la verit\u00e0 e la dignit\u00e0 delle persone.<\/p>\r\n<p><br \/>\u00c8 tempo anche di responsabilit\u00e0 collettiva. I riflettori puntati su chi si improvvisa esperto, su chi cerca visibilit\u00e0 senza competenza n\u00e9 rispetto, andrebbero spenti. Il compito di accertare la verit\u00e0 \u00e8 grave e delicato, e spetta unicamente agli inquirenti. A loro bisognava e bisogna comunicare, quando c\u2019\u00e8, la conoscenza dei fatti.<\/p>\r\n<p>Ogni altra voce e con diverse modalit\u00e0, che si sovrappone, rischia solo di generare confusione, ferire ulteriormente e alimentare protagonismi sterili o addirittura deleteri.<\/p>\r\n<p>E\u2019 biasimabile chi fa del dolore altrui il proprio palcoscenico. Alle comunit\u00e0 di Lauro e di San Castrese rivolgo un invito semplice ma profondo: dimostrate chi siete. Siate comunit\u00e0 capaci di stringersi, di proteggere, di educare al bene, di non lasciarsi dividere o trascinare da ci\u00f2 che non appartiene alla vostra identit\u00e0 pi\u00f9 vera. \u00a0Un forte abbraccio ai genitori di Vincenzo. Con auspicio del rispetto che ogni dolore merita\u201d. <em><strong>Don Valentino Simoniello<\/strong><\/em><\/p>\r\n<figure><\/figure>\r\n<figure><\/figure>\r\n<figure><\/figure>\r\n<figure class=\"wp-block-image aligncenter size-full\"><img decoding=\"async\" width=\"700\" height=\"700\" class=\"wp-image-38336 aligncenter\" src=\"https:\/\/thereportzone.it\/wp-content\/uploads\/2023\/03\/NUOVO-BANNER-NAVE.png\" alt=\"\" \/><\/figure>\r\n<p><img decoding=\"async\" class=\"aligncenter size-full wp-image-43098\" src=\"https:\/\/www.thereportzone.it\/wp-content\/uploads\/2025\/03\/LINKK-2.jpg\" alt=\"\" width=\"768\" height=\"432\" srcset=\"https:\/\/www.thereportzone.it\/wp-content\/uploads\/2025\/03\/LINKK-2.jpg 768w, https:\/\/www.thereportzone.it\/wp-content\/uploads\/2025\/03\/LINKK-2-300x169.jpg 300w\" sizes=\"(max-width: 768px) 100vw, 768px\" \/><\/p>\r\n\r\n\r\n\r\n<p>&nbsp;<\/p>\r\n<p>&nbsp;<\/p>\r\n\r\n\r\n\r\n<h2 class=\"wp-block-heading has-text-align-center\" style=\"text-align: center;\">TIENITI AGGIORNATO SULLE NOTIZIE DELLA CITTA&#8217;, CLICCA SUL LOGO QUI SOTTO E SEGUI LA PAGINA &#8220;QUESTO E&#8217; MONDRAGONE&#8221;<\/h2>\r\n\r\n\r\n\r\n<figure class=\"wp-block-image aligncenter size-large\"><\/figure>\r\n<p><a href=\"https:\/\/www.facebook.com\/QUESTOEMONDRAGONE\"><img loading=\"lazy\" decoding=\"async\" class=\"aligncenter wp-image-46733 size-full\" src=\"https:\/\/www.thereportzone.it\/wp-content\/uploads\/2026\/04\/logo-2026-1000-x-1000-px.png\" alt=\"\" width=\"1000\" height=\"1000\" srcset=\"https:\/\/www.thereportzone.it\/wp-content\/uploads\/2026\/04\/logo-2026-1000-x-1000-px.png 1000w, https:\/\/www.thereportzone.it\/wp-content\/uploads\/2026\/04\/logo-2026-1000-x-1000-px-300x300.png 300w, https:\/\/www.thereportzone.it\/wp-content\/uploads\/2026\/04\/logo-2026-1000-x-1000-px-150x150.png 150w, https:\/\/www.thereportzone.it\/wp-content\/uploads\/2026\/04\/logo-2026-1000-x-1000-px-768x768.png 768w\" sizes=\"(max-width: 1000px) 100vw, 1000px\" \/><\/a><\/p>\r\n","protected":false},"excerpt":{"rendered":"<p>&nbsp; &nbsp; TIENITI AGGIORNATO SULLE NOTIZIE DELLA CITTA&#8217;, CLICCA SUL LOGO QUI SOTTO E SEGUI LA PAGINA &#8220;QUESTO<\/p>\n","protected":false},"author":6,"featured_media":46760,"comment_status":"closed","ping_status":"closed","sticky":false,"template":"","format":"standard","meta":{"sfsi_plus_gutenberg_text_before_share":"","sfsi_plus_gutenberg_show_text_before_share":"","sfsi_plus_gutenberg_icon_type":"","sfsi_plus_gutenberg_icon_alignemt":"","sfsi_plus_gutenburg_max_per_row":"","footnotes":""},"categories":[8,4],"tags":[],"class_list":["post-46759","post","type-post","status-publish","format-standard","has-post-thumbnail","hentry","category-cronaca","category-falciano"],"_links":{"self":[{"href":"https:\/\/www.thereportzone.it\/index.php?rest_route=\/wp\/v2\/posts\/46759"}],"collection":[{"href":"https:\/\/www.thereportzone.it\/index.php?rest_route=\/wp\/v2\/posts"}],"about":[{"href":"https:\/\/www.thereportzone.it\/index.php?rest_route=\/wp\/v2\/types\/post"}],"author":[{"embeddable":true,"href":"https:\/\/www.thereportzone.it\/index.php?rest_route=\/wp\/v2\/users\/6"}],"replies":[{"embeddable":true,"href":"https:\/\/www.thereportzone.it\/index.php?rest_route=%2Fwp%2Fv2%2Fcomments&post=46759"}],"version-history":[{"count":2,"href":"https:\/\/www.thereportzone.it\/index.php?rest_route=\/wp\/v2\/posts\/46759\/revisions"}],"predecessor-version":[{"id":46762,"href":"https:\/\/www.thereportzone.it\/index.php?rest_route=\/wp\/v2\/posts\/46759\/revisions\/46762"}],"wp:featuredmedia":[{"embeddable":true,"href":"https:\/\/www.thereportzone.it\/index.php?rest_route=\/wp\/v2\/media\/46760"}],"wp:attachment":[{"href":"https:\/\/www.thereportzone.it\/index.php?rest_route=%2Fwp%2Fv2%2Fmedia&parent=46759"}],"wp:term":[{"taxonomy":"category","embeddable":true,"href":"https:\/\/www.thereportzone.it\/index.php?rest_route=%2Fwp%2Fv2%2Fcategories&post=46759"},{"taxonomy":"post_tag","embeddable":true,"href":"https:\/\/www.thereportzone.it\/index.php?rest_route=%2Fwp%2Fv2%2Ftags&post=46759"}],"curies":[{"name":"wp","href":"https:\/\/api.w.org\/{rel}","templated":true}]}}