{"id":44508,"date":"2025-09-01T14:03:59","date_gmt":"2025-09-01T12:03:59","guid":{"rendered":"https:\/\/www.thereportzone.it\/?p=44508"},"modified":"2025-09-01T14:03:59","modified_gmt":"2025-09-01T12:03:59","slug":"il-generale-la-gala-saluta-i-carabinieri-siate-influencer-della-legalita","status":"publish","type":"post","link":"https:\/\/www.thereportzone.it\/?p=44508","title":{"rendered":"Il Generale La Gala saluta i Carabinieri: \u201cSiate influencer della Legalit\u00e0\u201d"},"content":{"rendered":"\r\n<figure><\/figure>\r\n<figure><\/figure>\r\n<p>&nbsp;<\/p>\r\n<p>&nbsp;<\/p>\r\n<p><img fetchpriority=\"high\" decoding=\"async\" class=\"aligncenter size-full wp-image-43098\" src=\"https:\/\/www.thereportzone.it\/wp-content\/uploads\/2025\/03\/LINKK-2.jpg\" alt=\"\" width=\"768\" height=\"432\" srcset=\"https:\/\/www.thereportzone.it\/wp-content\/uploads\/2025\/03\/LINKK-2.jpg 768w, https:\/\/www.thereportzone.it\/wp-content\/uploads\/2025\/03\/LINKK-2-300x169.jpg 300w\" sizes=\"(max-width: 768px) 100vw, 768px\" \/><\/p>\r\n<figure class=\"wp-block-image aligncenter size-full\"><img decoding=\"async\" width=\"700\" height=\"700\" class=\"wp-image-38336 aligncenter\" src=\"https:\/\/thereportzone.it\/wp-content\/uploads\/2023\/03\/NUOVO-BANNER-NAVE.png\" alt=\"\" \/><\/figure>\r\n\r\n\r\n\r\n<p><img decoding=\"async\" class=\"aligncenter size-full wp-image-42709\" src=\"https:\/\/www.thereportzone.it\/wp-content\/uploads\/2025\/02\/41830229-30c8-4033-ab99-fe7b523f4e56.jpeg\" alt=\"\" width=\"1080\" height=\"1105\" srcset=\"https:\/\/www.thereportzone.it\/wp-content\/uploads\/2025\/02\/41830229-30c8-4033-ab99-fe7b523f4e56.jpeg 1080w, https:\/\/www.thereportzone.it\/wp-content\/uploads\/2025\/02\/41830229-30c8-4033-ab99-fe7b523f4e56-293x300.jpeg 293w, https:\/\/www.thereportzone.it\/wp-content\/uploads\/2025\/02\/41830229-30c8-4033-ab99-fe7b523f4e56-1001x1024.jpeg 1001w, https:\/\/www.thereportzone.it\/wp-content\/uploads\/2025\/02\/41830229-30c8-4033-ab99-fe7b523f4e56-768x786.jpeg 768w, https:\/\/www.thereportzone.it\/wp-content\/uploads\/2025\/02\/41830229-30c8-4033-ab99-fe7b523f4e56-1024x1048.jpeg 1024w\" sizes=\"(max-width: 1080px) 100vw, 1080px\" \/><\/p>\r\n<p>&nbsp;<\/p>\r\n\r\n\r\n\r\n<h3><span data-originalfontsize=\"13pt\" data-originalcomputedfontsize=\"17.333334\">IL GENERALE LA GALA SALUTA I CARABINIERI DI CASERTA: \u201cIL VERO COMANDO \u00c8 SERVIRE. I CARABINIERI SIANO INFLUENCER DELLA LEGALIT\u00c0\u201d<u><\/u><u><\/u><\/span><\/h3>\r\n<p><span data-originalfontsize=\"13pt\" data-originalcomputedfontsize=\"17.333334\">Un congedo carico di emozione, gratitudine e senso di appartenenza. Questa mattina, nella cornice della <strong>Caserma F Peccerillo di Caserta<\/strong><b data-removefontsize=\"true\" data-originalcomputedfontsize=\"17.333334\">,<\/b> il <strong>Generale di Divisione Canio Giuseppe La Gala<\/strong> ha salutato i militari di terra di lavoro prima di trasferirsi a Roma per assumere il prestigioso incarico di Comandante della Scuola Ufficiali dei carabinieri.<u><\/u><u><\/u><\/span><\/p>\r\n<p><span data-originalfontsize=\"13pt\" data-originalcomputedfontsize=\"17.333334\">Ad accoglierlo, il <strong>Colonnello Manuel Scarso<\/strong>, comandante provinciale, insieme a una folta rappresentanza dei reparti territoriali e speciali che operano nella provincia. Presenti anche i militari in congedo dell\u2019Associazione Nazionale Carabinieri e dell\u2019Associazione Nazionale Forestali, a testimonianza di un legame che non si esaurisce con la fine del servizio attivo.<u><\/u><u><\/u><\/span><\/p>\r\n<h4><b><span data-originalfontsize=\"13pt\" data-originalcomputedfontsize=\"17.333334\">\u201cIl valore non \u00e8 nei numeri ma nella vicinanza alla gente\u201d<u><\/u><u><\/u><\/span><\/b><\/h4>\r\n<p><span data-originalfontsize=\"13pt\" data-originalcomputedfontsize=\"17.333334\">Nel suo discorso, l\u2019alto Ufficiale ha voluto sottolineare la dimensione pi\u00f9 autentica del lavoro dei Carabinieri. Non solo statistiche o bilanci operativi, ma soprattutto il valore invisibile della prevenzione: i reati sventati, le persone rassicurate, la mano tesa a chi vive momenti di difficolt\u00e0. \u201cIl vero metro \u2013 ha detto \u2013 \u00e8 ci\u00f2 che non si pu\u00f2 contare: un furto evitato, una parola che conforta, una presenza che rassicura\u201d.<u><\/u><u><\/u><\/span><\/p>\r\n<h4><b><span data-originalfontsize=\"13pt\" data-originalcomputedfontsize=\"17.333334\">Le Stazioni, presidio di legalit\u00e0 e prossimit\u00e0<u><\/u><u><\/u><\/span><\/b><\/h4>\r\n<p><span data-originalfontsize=\"13pt\" data-originalcomputedfontsize=\"17.333334\">Un passaggio centrale del suo intervento \u00e8 stato dedicato alle Stazioni dei Carabinieri, definite \u201cil volto pi\u00f9 vicino della nostra Istituzione\u201d: veri pres\u00ecdi di legalit\u00e0 e costante punto di riferimento per i cittadini, sia nei piccoli centri sia nelle grandi citt\u00e0. Proprio in queste realt\u00e0, ha ricordato, si costruisce giorno dopo giorno quel rapporto di fiducia che rende l\u2019Arma una presenza unica nel panorama delle forze di sicurezza.<u><\/u><u><\/u><\/span><\/p>\r\n<p><span data-originalfontsize=\"13pt\" data-originalcomputedfontsize=\"17.333334\">Ha inoltre sottolineato l\u2019importante attivit\u00e0 svolta dal personale del Radiomobile, primo interlocutore con la popolazione, e ha richiamato il contributo fondamentale della Forestale nonch\u00e9 degli uffici, grazie ai quali i carabinieri impegnati sul territorio possono operare con efficacia e professionalit\u00e0. <u><\/u><u><\/u><\/span><\/p>\r\n<p><b><span data-originalfontsize=\"13pt\" data-originalcomputedfontsize=\"17.333334\">Il pensiero ai militari caduti e rimasti feriti in servizio. <u><\/u><u><\/u><\/span><\/b><\/p>\r\n<p><span data-originalfontsize=\"13pt\" data-originalcomputedfontsize=\"17.333334\">Con tono commosso, il Generale ha poi rivolto un pensiero ai militari caduti o rimasti feriti in servizio nell\u2019ultimo anno, ricordando il sacrificio personale e l\u2019impegno delle loro famiglie. \u201cIl vero comando \u00e8 servire\u201d \u2013 ha ribadito, citando Sant\u2019Agostino \u2013 invitando i Carabinieri a vivere l\u2019autorit\u00e0 come responsabilit\u00e0, non come privilegio. Infine, rivolgendosi ai presenti, ha richiamato le parole di Madre Teresa di Calcutta: <em>\u201cbisogna impegnarsi sempre e costantemente con la voglia di raggiungere un obiettivo\u201d<\/em>.<u><\/u><u><\/u><\/span><\/p>\r\n<h4><b><span data-originalfontsize=\"13pt\" data-originalcomputedfontsize=\"17.333334\">Essere \u201cinfluencer della legalit\u00e0\u201d<u><\/u><u><\/u><\/span><\/b><\/h4>\r\n<p><span data-originalfontsize=\"13pt\" data-originalcomputedfontsize=\"17.333334\">In chiusura, il Generale La Gala ha lanciato un messaggio forte e attuale: i Carabinieri devono saper essere \u201c<strong>influencer della legalit\u00e0<\/strong>\u201d, figure capaci di trasmettere valori e fiducia soprattutto ai giovani, ma anche di rappresentare un sostegno concreto per gli anziani. Una sfida che non riguarda solo l\u2019azione repressiva o investigativa, ma il ruolo educativo e sociale dell\u2019Arma in una comunit\u00e0 che cambia.<u><\/u><u><\/u><\/span><\/p>\r\n<h4><b><span data-originalfontsize=\"13pt\" data-originalcomputedfontsize=\"17.333334\">Il ringraziamento finale<u><\/u><u><\/u><\/span><\/b><\/h4>\r\n<p><span data-originalfontsize=\"13pt\" data-originalcomputedfontsize=\"17.333334\">Prima di lasciare la Caserma di via Laviano, il Generale ha voluto ringraziare tutti i militari della provincia per la <strong>professionalit\u00e0, la vicinanza alla popolazione e lo spirito di servizio<\/strong> che li contraddistingue. Un applauso lungo e sentito ha accompagnato le sue parole di commiato, suggellando un momento che rester\u00e0 nella memoria dell\u2019Arma Casertana.<\/span><\/p>\r\n<p><img loading=\"lazy\" decoding=\"async\" class=\"aligncenter size-full wp-image-44509\" src=\"https:\/\/www.thereportzone.it\/wp-content\/uploads\/2025\/09\/IMG_7087-scaled.jpeg\" alt=\"\" width=\"2560\" height=\"1449\" srcset=\"https:\/\/www.thereportzone.it\/wp-content\/uploads\/2025\/09\/IMG_7087-scaled.jpeg 2560w, https:\/\/www.thereportzone.it\/wp-content\/uploads\/2025\/09\/IMG_7087-300x170.jpeg 300w, https:\/\/www.thereportzone.it\/wp-content\/uploads\/2025\/09\/IMG_7087-1024x580.jpeg 1024w, https:\/\/www.thereportzone.it\/wp-content\/uploads\/2025\/09\/IMG_7087-768x435.jpeg 768w, https:\/\/www.thereportzone.it\/wp-content\/uploads\/2025\/09\/IMG_7087-1536x869.jpeg 1536w, https:\/\/www.thereportzone.it\/wp-content\/uploads\/2025\/09\/IMG_7087-2048x1159.jpeg 2048w\" sizes=\"(max-width: 2560px) 100vw, 2560px\" \/> <img loading=\"lazy\" decoding=\"async\" class=\"aligncenter size-full wp-image-44510\" src=\"https:\/\/www.thereportzone.it\/wp-content\/uploads\/2025\/09\/IMG_7086-scaled.jpeg\" alt=\"\" width=\"2560\" height=\"1707\" srcset=\"https:\/\/www.thereportzone.it\/wp-content\/uploads\/2025\/09\/IMG_7086-scaled.jpeg 2560w, https:\/\/www.thereportzone.it\/wp-content\/uploads\/2025\/09\/IMG_7086-300x200.jpeg 300w, https:\/\/www.thereportzone.it\/wp-content\/uploads\/2025\/09\/IMG_7086-1024x683.jpeg 1024w, https:\/\/www.thereportzone.it\/wp-content\/uploads\/2025\/09\/IMG_7086-768x512.jpeg 768w, https:\/\/www.thereportzone.it\/wp-content\/uploads\/2025\/09\/IMG_7086-1536x1024.jpeg 1536w, https:\/\/www.thereportzone.it\/wp-content\/uploads\/2025\/09\/IMG_7086-2048x1366.jpeg 2048w\" sizes=\"(max-width: 2560px) 100vw, 2560px\" \/> <img loading=\"lazy\" decoding=\"async\" class=\"aligncenter size-full wp-image-44511\" src=\"https:\/\/www.thereportzone.it\/wp-content\/uploads\/2025\/09\/IMG_7085-scaled.jpeg\" alt=\"\" width=\"2560\" height=\"1091\" srcset=\"https:\/\/www.thereportzone.it\/wp-content\/uploads\/2025\/09\/IMG_7085-scaled.jpeg 2560w, https:\/\/www.thereportzone.it\/wp-content\/uploads\/2025\/09\/IMG_7085-300x128.jpeg 300w, https:\/\/www.thereportzone.it\/wp-content\/uploads\/2025\/09\/IMG_7085-1024x436.jpeg 1024w, https:\/\/www.thereportzone.it\/wp-content\/uploads\/2025\/09\/IMG_7085-768x327.jpeg 768w, https:\/\/www.thereportzone.it\/wp-content\/uploads\/2025\/09\/IMG_7085-1536x655.jpeg 1536w, https:\/\/www.thereportzone.it\/wp-content\/uploads\/2025\/09\/IMG_7085-2048x873.jpeg 2048w\" sizes=\"(max-width: 2560px) 100vw, 2560px\" \/><\/p>\r\n\r\n\r\n\r\n<h2 class=\"wp-block-heading has-text-align-center\" style=\"text-align: center;\">TIENITI AGGIORNATO SULLE NOTIZIE DELLA CITTA&#8217;, CLICCA SUL LOGO QUI SOTTO E SEGUI LA PAGINA &#8220;QUESTO E&#8217; MONDRAGONE&#8221;<\/h2>\r\n\r\n\r\n\r\n<figure class=\"wp-block-image aligncenter size-large\"><a href=\"https:\/\/www.facebook.com\/QUESTOEMONDRAGONE\"><img loading=\"lazy\" decoding=\"async\" class=\"aligncenter wp-image-38777\" src=\"https:\/\/thereportzone.it\/wp-content\/uploads\/2023\/06\/LOGO-QUESTO-E-MONDRAGONE-1024x923.jpg\" alt=\"\" width=\"1024\" height=\"923\" srcset=\"https:\/\/www.thereportzone.it\/wp-content\/uploads\/2023\/06\/LOGO-QUESTO-E-MONDRAGONE-1024x923.jpg 1024w, https:\/\/www.thereportzone.it\/wp-content\/uploads\/2023\/06\/LOGO-QUESTO-E-MONDRAGONE-300x271.jpg 300w, https:\/\/www.thereportzone.it\/wp-content\/uploads\/2023\/06\/LOGO-QUESTO-E-MONDRAGONE-768x693.jpg 768w, https:\/\/www.thereportzone.it\/wp-content\/uploads\/2023\/06\/LOGO-QUESTO-E-MONDRAGONE.jpg 1170w\" sizes=\"(max-width: 1024px) 100vw, 1024px\" \/><\/a><\/figure>\r\n","protected":false},"excerpt":{"rendered":"<p>&nbsp; IL GENERALE LA GALA SALUTA I CARABINIERI DI CASERTA: \u201cIL VERO COMANDO \u00c8 SERVIRE. I CARABINIERI SIANO<\/p>\n","protected":false},"author":2,"featured_media":44509,"comment_status":"closed","ping_status":"closed","sticky":false,"template":"","format":"image","meta":{"sfsi_plus_gutenberg_text_before_share":"","sfsi_plus_gutenberg_show_text_before_share":"","sfsi_plus_gutenberg_icon_type":"","sfsi_plus_gutenberg_icon_alignemt":"","sfsi_plus_gutenburg_max_per_row":"","footnotes":""},"categories":[6,8],"tags":[],"class_list":["post-44508","post","type-post","status-publish","format-image","has-post-thumbnail","hentry","category-caserta","category-cronaca","post_format-post-format-image"],"_links":{"self":[{"href":"https:\/\/www.thereportzone.it\/index.php?rest_route=\/wp\/v2\/posts\/44508"}],"collection":[{"href":"https:\/\/www.thereportzone.it\/index.php?rest_route=\/wp\/v2\/posts"}],"about":[{"href":"https:\/\/www.thereportzone.it\/index.php?rest_route=\/wp\/v2\/types\/post"}],"author":[{"embeddable":true,"href":"https:\/\/www.thereportzone.it\/index.php?rest_route=\/wp\/v2\/users\/2"}],"replies":[{"embeddable":true,"href":"https:\/\/www.thereportzone.it\/index.php?rest_route=%2Fwp%2Fv2%2Fcomments&post=44508"}],"version-history":[{"count":1,"href":"https:\/\/www.thereportzone.it\/index.php?rest_route=\/wp\/v2\/posts\/44508\/revisions"}],"predecessor-version":[{"id":44512,"href":"https:\/\/www.thereportzone.it\/index.php?rest_route=\/wp\/v2\/posts\/44508\/revisions\/44512"}],"wp:featuredmedia":[{"embeddable":true,"href":"https:\/\/www.thereportzone.it\/index.php?rest_route=\/wp\/v2\/media\/44509"}],"wp:attachment":[{"href":"https:\/\/www.thereportzone.it\/index.php?rest_route=%2Fwp%2Fv2%2Fmedia&parent=44508"}],"wp:term":[{"taxonomy":"category","embeddable":true,"href":"https:\/\/www.thereportzone.it\/index.php?rest_route=%2Fwp%2Fv2%2Fcategories&post=44508"},{"taxonomy":"post_tag","embeddable":true,"href":"https:\/\/www.thereportzone.it\/index.php?rest_route=%2Fwp%2Fv2%2Ftags&post=44508"}],"curies":[{"name":"wp","href":"https:\/\/api.w.org\/{rel}","templated":true}]}}