{"id":42869,"date":"2025-02-19T19:49:04","date_gmt":"2025-02-19T18:49:04","guid":{"rendered":"https:\/\/www.thereportzone.it\/?p=42869"},"modified":"2025-02-19T19:49:47","modified_gmt":"2025-02-19T18:49:47","slug":"casalnuovo-na-i-genitori-di-gennaro-manna-invitano-il-gip-a-rigettare-il-patteggiamento-a-soli-2-anni-chiesto-dal-responsabile-dellincidente","status":"publish","type":"post","link":"https:\/\/www.thereportzone.it\/?p=42869","title":{"rendered":"I genitori di Gennaro Manna invitano il Gip a rigettare il patteggiamento a soli 2 anni chiesto dal responsabile dell&#8217;incidente"},"content":{"rendered":"\r\n<figure class=\"wp-block-image aligncenter size-full\"><img fetchpriority=\"high\" decoding=\"async\" width=\"700\" height=\"700\" class=\"wp-image-38336 aligncenter\" src=\"https:\/\/thereportzone.it\/wp-content\/uploads\/2023\/03\/NUOVO-BANNER-NAVE.png\" alt=\"\" \/><\/figure>\r\n\r\n\r\n\r\n<p><img decoding=\"async\" class=\"aligncenter wp-image-39481 size-large\" src=\"https:\/\/www.thereportzone.it\/wp-content\/uploads\/2023\/08\/Family-1600x900-1-1024x576.jpg\" alt=\"\" width=\"640\" height=\"360\" srcset=\"https:\/\/www.thereportzone.it\/wp-content\/uploads\/2023\/08\/Family-1600x900-1-1024x576.jpg 1024w, https:\/\/www.thereportzone.it\/wp-content\/uploads\/2023\/08\/Family-1600x900-1-300x169.jpg 300w, https:\/\/www.thereportzone.it\/wp-content\/uploads\/2023\/08\/Family-1600x900-1-768x432.jpg 768w, https:\/\/www.thereportzone.it\/wp-content\/uploads\/2023\/08\/Family-1600x900-1-1536x864.jpg 1536w, https:\/\/www.thereportzone.it\/wp-content\/uploads\/2023\/08\/Family-1600x900-1.jpg 1600w\" sizes=\"(max-width: 640px) 100vw, 640px\" \/><\/p>\r\n<p>&nbsp;<\/p>\r\n<p><img decoding=\"async\" class=\"aligncenter size-full wp-image-42709\" src=\"https:\/\/www.thereportzone.it\/wp-content\/uploads\/2025\/02\/41830229-30c8-4033-ab99-fe7b523f4e56.jpeg\" alt=\"\" width=\"1080\" height=\"1105\" srcset=\"https:\/\/www.thereportzone.it\/wp-content\/uploads\/2025\/02\/41830229-30c8-4033-ab99-fe7b523f4e56.jpeg 1080w, https:\/\/www.thereportzone.it\/wp-content\/uploads\/2025\/02\/41830229-30c8-4033-ab99-fe7b523f4e56-293x300.jpeg 293w, https:\/\/www.thereportzone.it\/wp-content\/uploads\/2025\/02\/41830229-30c8-4033-ab99-fe7b523f4e56-1001x1024.jpeg 1001w, https:\/\/www.thereportzone.it\/wp-content\/uploads\/2025\/02\/41830229-30c8-4033-ab99-fe7b523f4e56-768x786.jpeg 768w, https:\/\/www.thereportzone.it\/wp-content\/uploads\/2025\/02\/41830229-30c8-4033-ab99-fe7b523f4e56-1024x1048.jpeg 1024w\" sizes=\"(max-width: 1080px) 100vw, 1080px\" \/><\/p>\r\n<p>&nbsp;<\/p>\r\n\r\n\r\n\r\n<p align=\"center\"><b>\u201cTROPPO POCHI DUE ANNI PER LA MORTE DI NOSTRO FIGLIO\u201d: L\u2019ACCORATO APPELLO<br \/>DEI GENITORI DI GENNARO MANNA AL GIP DI NOLA IN VISTA DELL\u2019UDIENZA DI VENERDI\u2019<\/b><\/p>\r\n<p align=\"center\"><b>Il responsabile dell\u2019incidente costato la vita al ragazzo di 17 anni di Casalnuovo<br \/>ha chiesto di patteggiare una pena che per i familiari della vittima \u00e8 quasi un \u201cinsulto\u201d<\/b><\/p>\r\n<p>Hanno\u00a0<b>perso un figlio non ancora maggiorenne<\/b>\u00a0a causa di un\u00a0<b>tragico e assurdo incidente stradale<\/b>\u00a0cagionato delle\u00a0<b>violazioni e dalla imperdonabile imprudenza<\/b>\u00a0di un automobilista che,\u00a0<b>parcheggiatosi per di pi\u00f9 dove non era lecito<\/b>, gli ha\u00a0<b>\u201caperto\u201d in faccia la portiera dell\u2019auto<\/b>\u00a0facendolo\u00a0<b>finire con il suo scooter nella corsia opposta<\/b>, dov\u2019\u00e8 stato\u00a0<b>travolto da un\u2019altra vettura<\/b>.<\/p>\r\n<p>&nbsp;<\/p>\r\n<p>Sono dunque pi\u00f9 che comprensibili il\u00a0<b>dolore e l\u2019amarezza dei genitori<\/b>\u00a0del compianto\u00a0<b>Gennaro Manna Cozzella\u00a0<\/b>(in foto),\u00a0<b>17 anni, di Casalnuovo di Napoli,<\/b>\u00a0quand\u2019\u00e8 stato notificato loro da parte del\u00a0<b>Gip del Tribunale di Nola<\/b>, dott.ssa\u00a0<b>Fortunata Basile<\/b>, l\u2019avviso di fissazione di\u00a0<b>un\u2019udienza in camera di consiglio<\/b>\u00a0per deliberare sulla\u00a0<b>richiesta di patteggiamento<\/b>\u00a0alla\u00a0<b>pena di appena due anni di reclusione<\/b>, con la\u00a0<b>sospensione condizionale,<\/b>\u00a0presentata dall\u2019<b>indagato<\/b>, attraverso il proprio legale, e\u00a0<b>concordata con il Pubblico Ministero della Procura nolana<\/b>\u00a0titolare del\u00a0<b>procedimento penale<\/b>\u00a0a suo carico per il reato di\u00a0<b>omicidio stradale<\/b>, la dott.ssa\u00a0<b>Aurelia Caporale<\/b>: istanza formulata dopo\u00a0<b>l\u2019avviso di conclusione delle indagini preliminari<\/b>\u00a0ma\u00a0<b>prima ancora che il Sostituto Procuratore spiccasse l\u2019inevitabile richiesta di rinvio a giudizio<\/b>. L\u2019 udienza \u00e8 fissata per questo\u00a0<b>venerd\u00ec 21 febbraio<\/b>, dalle ore 9.<\/p>\r\n<p>&nbsp;<\/p>\r\n<p>La richiesta, certo, \u00e8 legittima, ma per la mamma e il pap\u00e0 del ragazzo \u00e8 stato\u00a0<b>quasi un insulto<\/b>, sia perch\u00e9 in caso di accoglimento\u00a0<b>non ci sar\u00e0 alcun processo,<\/b>\u00a0sia per\u00a0<b>l\u2019entit\u00e0 della condanna<\/b>\u00a0prospettata, del tutto\u00a0<b>inadeguata a rendere un po\u2019 di giustizia al loro caro<\/b>.<\/p>\r\n<p>&nbsp;<\/p>\r\n<p>Il sinistro \u00e8 accaduto il\u00a0<b>18 maggio 2024<\/b>\u00a0nella stessa Casalnuovo, in\u00a0<b>via Napoli<\/b>, strada urbana ad un\u2019unica carreggiata con doppio senso di marcia, delimitata da strisce di margine e striscia di mezzeria continua. Gennaro\u00a0<b>procedeva tranquillamente per la sua strada<\/b>\u00a0in sella al suo\u00a0<b>motociclo<\/b>, e peraltro\u00a0<b>a una velocit\u00e0 in linea con il limite di 50 km\/h<\/b>, com\u2019\u00e8 emerso dall\u2019inchiesta, quando all\u2019improvviso, all\u2019altezza del\u00a0<b>civico 117<\/b>, si \u00e8 consumato il dramma.<\/p>\r\n<p>&nbsp;<\/p>\r\n<p>Una tragedia\u00a0<b>causata esclusivamente da Cesare Pugliese<\/b>,\u00a0<b>58 anni<\/b>, anche lui di\u00a0<b>Casalnuovo<\/b>, da subito\u00a0<b>iscritto nel registro degli indagati<\/b>\u00a0con l\u2019accusa di aver provocato la morte del diciassettenne \u201c<i>per colpa consistita in imprudenza, negligenza, imperizia nonch\u00e9 in violazione delle norme sulla disciplina della circolazione stradale<\/i>\u201d per citare gli atti del magistrato inquirente.<\/p>\r\n<p>&nbsp;<\/p>\r\n<p>\u201c<i>In particolare<\/i>\u00a0\u2013 prosegue il Pm -,\u00a0<i>Pugliese sostava la sua auto Ford Fiesta lungo il margine destro della carreggiata, nonostante la presenza di segnale verticale di \u201cdivieto di sosta e di fermata\u201d, ed apriva repentinamente la porta anteriore sinistra impattando con il motociclo di Manna che viaggiava regolarmente all\u2019interno della propria corsia di marcia, con direzione Casalnuovo\u2013Napoli\u201d<\/i>. Una ulteriore disattenzione fatale. Il resto infatti, purtroppo, \u00e8 tristemente noto.<\/p>\r\n<p>&nbsp;<\/p>\r\n<p>\u201c<i>In seguito all\u2019urto<\/i>\u00a0\u2013 conclude il magistrato &#8211;\u00a0<i>lo scooter veniva proiettato nella corsia opposta dove veniva travolto da un\u2019altra macchina, una Fiat Tipo, che procedeva nella sua corsia di marcia e a seguito del violento impatto, prima con la portiera della Fiesta, poi con la Fiat Tipo, Gennaro Manna Cozzella riportava un gravissimo trauma cranico-toracico con, rispettivamente, emorragia cerebrale e contusioni polmonari<\/i>\u201d. Trasportato in condizioni disperate all\u2019ospedale\u00a0<b>Cardarelli di Napoli,<\/b>\u00a0il giovane sarebbe spirato il\u00a0<b>27 maggio 2024<\/b>, dopo\u00a0<b>dieci giorni di agonia<\/b>, gettando nella disperazione i genitori e la sorella minore.<\/p>\r\n<p>&nbsp;<\/p>\r\n<p>Per essere assistiti, i familiari del ragazzo, attraverso\u00a0<b>l\u2019Area manager per la Campania dott. Vincenzo Carotenuto<\/b>, si sono affidati a\u00a0<b>Studio3A-Valore S.p.A.<\/b>, societ\u00e0 specializzata a livello nazionale nel risarcimento danni e nella tutela dei diritti dei cittadini, che ha profuso ogni sforzo per quanto meno\u00a0<b>risarcirli integralmente\u00a0<\/b>e per\u00a0<b>rendere loro giustizia<\/b>.<\/p>\r\n<p>&nbsp;<\/p>\r\n<p>Ma alla famiglia Manna Cozzella preme soprattutto una\u00a0<b>risposta in sede penale<\/b>; pur essendo ben consapevoli che nessuna pena sarebbe mai commisurata per ripagare\u00a0<b>l\u2019incolmabile perdita patita<\/b>, i familiari di Gennaro confidano nel fatto che il\u00a0<b>responsabile della morte del loro ragazzo ne risponda veramente in un\u2019aula di tribunale<\/b>\u00a0e, quand\u2019anche il procedimento venga definito\u00a0<b>con riti alternativi<\/b>\u00a0a un processo ordinario, gli\u00a0<b>sia comunque comminata una condanna adeguata<\/b>\u00a0alle irreparabili violazioni commesse, che non pu\u00f2 certo essere rappresentata dai\u00a0<b>due anni finali dell\u2019accordo<\/b>.<\/p>\r\n<p>&nbsp;<\/p>\r\n<p>Di qui il loro\u00a0<b>accorato appello al giudice per le indagini preliminari<\/b>\u00a0<b>di Nola<\/b>\u00a0affinch\u00e9\u00a0<b>non dia il proprio assenso<\/b>\u00a0all\u2019istanza di patteggiamento rimettendo il fascicolo al Pm per una\u00a0<b>radicale riconsiderazione e ri-quantificazione della pena<\/b>.<\/p>\r\n<p>&nbsp;<\/p>\r\n\r\n\r\n\r\n<h2 class=\"wp-block-heading has-text-align-center\" style=\"text-align: center;\">TIENITI AGGIORNATO SULLE NOTIZIE DELLA CITTA&#8217;, CLICCA SUL LOGO QUI SOTTO E SEGUI LA PAGINA &#8220;QUESTO E&#8217; MONDRAGONE&#8221;<\/h2>\r\n\r\n\r\n\r\n<figure class=\"wp-block-image aligncenter size-large\"><a href=\"https:\/\/www.facebook.com\/QUESTOEMONDRAGONE\"><img loading=\"lazy\" decoding=\"async\" class=\"aligncenter wp-image-38777\" src=\"https:\/\/thereportzone.it\/wp-content\/uploads\/2023\/06\/LOGO-QUESTO-E-MONDRAGONE-1024x923.jpg\" alt=\"\" width=\"1024\" height=\"923\" srcset=\"https:\/\/www.thereportzone.it\/wp-content\/uploads\/2023\/06\/LOGO-QUESTO-E-MONDRAGONE-1024x923.jpg 1024w, https:\/\/www.thereportzone.it\/wp-content\/uploads\/2023\/06\/LOGO-QUESTO-E-MONDRAGONE-300x271.jpg 300w, https:\/\/www.thereportzone.it\/wp-content\/uploads\/2023\/06\/LOGO-QUESTO-E-MONDRAGONE-768x693.jpg 768w, https:\/\/www.thereportzone.it\/wp-content\/uploads\/2023\/06\/LOGO-QUESTO-E-MONDRAGONE.jpg 1170w\" sizes=\"(max-width: 1024px) 100vw, 1024px\" \/><\/a><\/figure>\r\n","protected":false},"excerpt":{"rendered":"<p>&nbsp; &nbsp; \u201cTROPPO POCHI DUE ANNI PER LA MORTE DI NOSTRO FIGLIO\u201d: L\u2019ACCORATO APPELLODEI GENITORI DI GENNARO MANNA<\/p>\n","protected":false},"author":2,"featured_media":42870,"comment_status":"closed","ping_status":"closed","sticky":false,"template":"","format":"image","meta":{"sfsi_plus_gutenberg_text_before_share":"","sfsi_plus_gutenberg_show_text_before_share":"","sfsi_plus_gutenberg_icon_type":"","sfsi_plus_gutenberg_icon_alignemt":"","sfsi_plus_gutenburg_max_per_row":"","footnotes":""},"categories":[8,7],"tags":[],"class_list":["post-42869","post","type-post","status-publish","format-image","has-post-thumbnail","hentry","category-cronaca","category-napoli","post_format-post-format-image"],"_links":{"self":[{"href":"https:\/\/www.thereportzone.it\/index.php?rest_route=\/wp\/v2\/posts\/42869"}],"collection":[{"href":"https:\/\/www.thereportzone.it\/index.php?rest_route=\/wp\/v2\/posts"}],"about":[{"href":"https:\/\/www.thereportzone.it\/index.php?rest_route=\/wp\/v2\/types\/post"}],"author":[{"embeddable":true,"href":"https:\/\/www.thereportzone.it\/index.php?rest_route=\/wp\/v2\/users\/2"}],"replies":[{"embeddable":true,"href":"https:\/\/www.thereportzone.it\/index.php?rest_route=%2Fwp%2Fv2%2Fcomments&post=42869"}],"version-history":[{"count":2,"href":"https:\/\/www.thereportzone.it\/index.php?rest_route=\/wp\/v2\/posts\/42869\/revisions"}],"predecessor-version":[{"id":42872,"href":"https:\/\/www.thereportzone.it\/index.php?rest_route=\/wp\/v2\/posts\/42869\/revisions\/42872"}],"wp:featuredmedia":[{"embeddable":true,"href":"https:\/\/www.thereportzone.it\/index.php?rest_route=\/wp\/v2\/media\/42870"}],"wp:attachment":[{"href":"https:\/\/www.thereportzone.it\/index.php?rest_route=%2Fwp%2Fv2%2Fmedia&parent=42869"}],"wp:term":[{"taxonomy":"category","embeddable":true,"href":"https:\/\/www.thereportzone.it\/index.php?rest_route=%2Fwp%2Fv2%2Fcategories&post=42869"},{"taxonomy":"post_tag","embeddable":true,"href":"https:\/\/www.thereportzone.it\/index.php?rest_route=%2Fwp%2Fv2%2Ftags&post=42869"}],"curies":[{"name":"wp","href":"https:\/\/api.w.org\/{rel}","templated":true}]}}