{"id":42784,"date":"2025-02-14T14:46:15","date_gmt":"2025-02-14T13:46:15","guid":{"rendered":"https:\/\/www.thereportzone.it\/?p=42784"},"modified":"2025-02-14T14:46:15","modified_gmt":"2025-02-14T13:46:15","slug":"mondragone-movimento-mondragone-attiva-chiede-consiglio-comunale-straordinario-su-questione-dissesto-finanziario","status":"publish","type":"post","link":"https:\/\/www.thereportzone.it\/?p=42784","title":{"rendered":"MONDRAGONE &#8211; Movimento Mondragone Attiva chiede consiglio comunale straordinario su questione dissesto finanziario"},"content":{"rendered":"\r\n<figure class=\"wp-block-image aligncenter size-full\"><img fetchpriority=\"high\" decoding=\"async\" width=\"700\" height=\"700\" class=\"wp-image-38336 aligncenter\" src=\"https:\/\/thereportzone.it\/wp-content\/uploads\/2023\/03\/NUOVO-BANNER-NAVE.png\" alt=\"\" \/><\/figure>\r\n\r\n\r\n\r\n<p><img decoding=\"async\" class=\"aligncenter wp-image-39481 size-large\" src=\"https:\/\/www.thereportzone.it\/wp-content\/uploads\/2023\/08\/Family-1600x900-1-1024x576.jpg\" alt=\"\" width=\"640\" height=\"360\" srcset=\"https:\/\/www.thereportzone.it\/wp-content\/uploads\/2023\/08\/Family-1600x900-1-1024x576.jpg 1024w, https:\/\/www.thereportzone.it\/wp-content\/uploads\/2023\/08\/Family-1600x900-1-300x169.jpg 300w, https:\/\/www.thereportzone.it\/wp-content\/uploads\/2023\/08\/Family-1600x900-1-768x432.jpg 768w, https:\/\/www.thereportzone.it\/wp-content\/uploads\/2023\/08\/Family-1600x900-1-1536x864.jpg 1536w, https:\/\/www.thereportzone.it\/wp-content\/uploads\/2023\/08\/Family-1600x900-1.jpg 1600w\" sizes=\"(max-width: 640px) 100vw, 640px\" \/><\/p>\r\n<p>&nbsp;<\/p>\r\n<p><img decoding=\"async\" class=\"aligncenter size-full wp-image-42709\" src=\"https:\/\/www.thereportzone.it\/wp-content\/uploads\/2025\/02\/41830229-30c8-4033-ab99-fe7b523f4e56.jpeg\" alt=\"\" width=\"1080\" height=\"1105\" srcset=\"https:\/\/www.thereportzone.it\/wp-content\/uploads\/2025\/02\/41830229-30c8-4033-ab99-fe7b523f4e56.jpeg 1080w, https:\/\/www.thereportzone.it\/wp-content\/uploads\/2025\/02\/41830229-30c8-4033-ab99-fe7b523f4e56-293x300.jpeg 293w, https:\/\/www.thereportzone.it\/wp-content\/uploads\/2025\/02\/41830229-30c8-4033-ab99-fe7b523f4e56-1001x1024.jpeg 1001w, https:\/\/www.thereportzone.it\/wp-content\/uploads\/2025\/02\/41830229-30c8-4033-ab99-fe7b523f4e56-768x786.jpeg 768w, https:\/\/www.thereportzone.it\/wp-content\/uploads\/2025\/02\/41830229-30c8-4033-ab99-fe7b523f4e56-1024x1048.jpeg 1024w\" sizes=\"(max-width: 1080px) 100vw, 1080px\" \/><\/p>\r\n<p>&nbsp;<\/p>\r\n\r\n\r\n\r\n<div class=\"x11i5rnm xat24cr x1mh8g0r x1vvkbs xtlvy1s x126k92a\">\r\n<div dir=\"auto\">Nella giornata di ieri, i Consiglieri Comunali <span class=\"html-span xdj266r x11i5rnm xat24cr x1mh8g0r xexx8yu x4uap5 x18d9i69 xkhd6sd x1hl2dhg x16tdsg8 x1vvkbs\"><span class=\"xt0psk2\">Carlo Federico<\/span><\/span>, Achille Cennami, <span class=\"html-span xdj266r x11i5rnm xat24cr x1mh8g0r xexx8yu x4uap5 x18d9i69 xkhd6sd x1hl2dhg x16tdsg8 x1vvkbs\"><span class=\"xt0psk2\">Emilio Martucci<\/span><\/span> e Pasquale Marquez hanno protocollato una formale richiesta di convocazione di un Consiglio Comunale straordinario per discutere e deliberare sulla dichiarazione di dissesto finanziario dell\u2019Ente.<\/div>\r\n<div dir=\"auto\">\u00a0<\/div>\r\n<div dir=\"auto\">\u00a0<\/div>\r\n<\/div>\r\n<div class=\"x11i5rnm xat24cr x1mh8g0r x1vvkbs xtlvy1s x126k92a\">\r\n<div dir=\"auto\">Non si tratta pi\u00f9 di supposizioni o di allarmismi: la Corte dei Conti ha rigettato l\u2019appello presentato dall\u2019amministrazione, confermando un quadro drammatico e senza via d\u2019uscita.<\/div>\r\n<\/div>\r\n<div class=\"x11i5rnm xat24cr x1mh8g0r x1vvkbs xtlvy1s x126k92a\">\r\n<div dir=\"auto\">Eppure, chi ci governa continua a minimizzare, a nascondersi, a evitare qualsiasi assunzione di responsabilit\u00e0. Nessuna comunicazione ai cittadini, nessuna spiegazione chiara su come siamo arrivati a questo punto. I Mondragonesi hanno il diritto di sapere la verit\u00e0.<\/div>\r\n<div dir=\"auto\">\u00a0<\/div>\r\n<\/div>\r\n<div class=\"x11i5rnm xat24cr x1mh8g0r x1vvkbs xtlvy1s x126k92a\">\r\n<div dir=\"auto\">\u00a0<\/div>\r\n<div dir=\"auto\">Non si pu\u00f2 pi\u00f9 temporeggiare n\u00e9 insabbiare l\u2019evidenza. Il dissesto non \u00e8 solo economico, ma anche amministrativo e morale. Per questo, abbiamo chiesto ufficialmente la convocazione di un Consiglio Comunale straordinario: perch\u00e9 chi ci amministra venga a metterci la faccia, a dire in aula \u2013 davanti ai cittadini \u2013 quanto \u201cbene\u201d vuole alla citt\u00e0 che ha portato al collasso.<\/div>\r\n<\/div>\r\n<div class=\"x11i5rnm xat24cr x1mh8g0r x1vvkbs xtlvy1s x126k92a\">\r\n<div dir=\"auto\">\u00a0<\/div>\r\n<div dir=\"auto\">\u00a0<\/div>\r\n<div dir=\"auto\">Pi\u00f9 passano i giorni, pi\u00f9 si tenta di nascondere la verit\u00e0, come se nulla fosse accaduto. Ma il tempo delle omissioni \u00e8 finito. Aspettiamo l\u2019immediata convocazione del Consiglio Comunale. Seguendo sempre la freccia, verso la giusta direzione.<\/div>\r\n<div dir=\"auto\">\u00a0<\/div>\r\n<\/div>\r\n\r\n\r\n\r\n<h2 class=\"wp-block-heading has-text-align-center\" style=\"text-align: center;\">TIENITI AGGIORNATO SULLE NOTIZIE DELLA CITTA&#8217;, CLICCA SUL LOGO QUI SOTTO E SEGUI LA PAGINA &#8220;QUESTO E&#8217; MONDRAGONE&#8221;<\/h2>\r\n\r\n\r\n\r\n<figure class=\"wp-block-image aligncenter size-large\"><a href=\"https:\/\/www.facebook.com\/QUESTOEMONDRAGONE\"><img loading=\"lazy\" decoding=\"async\" class=\"aligncenter wp-image-38777\" src=\"https:\/\/thereportzone.it\/wp-content\/uploads\/2023\/06\/LOGO-QUESTO-E-MONDRAGONE-1024x923.jpg\" alt=\"\" width=\"1024\" height=\"923\" srcset=\"https:\/\/www.thereportzone.it\/wp-content\/uploads\/2023\/06\/LOGO-QUESTO-E-MONDRAGONE-1024x923.jpg 1024w, https:\/\/www.thereportzone.it\/wp-content\/uploads\/2023\/06\/LOGO-QUESTO-E-MONDRAGONE-300x271.jpg 300w, https:\/\/www.thereportzone.it\/wp-content\/uploads\/2023\/06\/LOGO-QUESTO-E-MONDRAGONE-768x693.jpg 768w, https:\/\/www.thereportzone.it\/wp-content\/uploads\/2023\/06\/LOGO-QUESTO-E-MONDRAGONE.jpg 1170w\" sizes=\"(max-width: 1024px) 100vw, 1024px\" \/><\/a><\/figure>\r\n","protected":false},"excerpt":{"rendered":"<p>&nbsp; &nbsp; Nella giornata di ieri, i Consiglieri Comunali Carlo Federico, Achille Cennami, Emilio Martucci e Pasquale Marquez<\/p>\n","protected":false},"author":2,"featured_media":42785,"comment_status":"closed","ping_status":"closed","sticky":false,"template":"","format":"image","meta":{"sfsi_plus_gutenberg_text_before_share":"","sfsi_plus_gutenberg_show_text_before_share":"","sfsi_plus_gutenberg_icon_type":"","sfsi_plus_gutenberg_icon_alignemt":"","sfsi_plus_gutenburg_max_per_row":"","footnotes":""},"categories":[8,5,9],"tags":[],"class_list":["post-42784","post","type-post","status-publish","format-image","has-post-thumbnail","hentry","category-cronaca","category-mondragone","category-politica","post_format-post-format-image"],"_links":{"self":[{"href":"https:\/\/www.thereportzone.it\/index.php?rest_route=\/wp\/v2\/posts\/42784"}],"collection":[{"href":"https:\/\/www.thereportzone.it\/index.php?rest_route=\/wp\/v2\/posts"}],"about":[{"href":"https:\/\/www.thereportzone.it\/index.php?rest_route=\/wp\/v2\/types\/post"}],"author":[{"embeddable":true,"href":"https:\/\/www.thereportzone.it\/index.php?rest_route=\/wp\/v2\/users\/2"}],"replies":[{"embeddable":true,"href":"https:\/\/www.thereportzone.it\/index.php?rest_route=%2Fwp%2Fv2%2Fcomments&post=42784"}],"version-history":[{"count":1,"href":"https:\/\/www.thereportzone.it\/index.php?rest_route=\/wp\/v2\/posts\/42784\/revisions"}],"predecessor-version":[{"id":42786,"href":"https:\/\/www.thereportzone.it\/index.php?rest_route=\/wp\/v2\/posts\/42784\/revisions\/42786"}],"wp:featuredmedia":[{"embeddable":true,"href":"https:\/\/www.thereportzone.it\/index.php?rest_route=\/wp\/v2\/media\/42785"}],"wp:attachment":[{"href":"https:\/\/www.thereportzone.it\/index.php?rest_route=%2Fwp%2Fv2%2Fmedia&parent=42784"}],"wp:term":[{"taxonomy":"category","embeddable":true,"href":"https:\/\/www.thereportzone.it\/index.php?rest_route=%2Fwp%2Fv2%2Fcategories&post=42784"},{"taxonomy":"post_tag","embeddable":true,"href":"https:\/\/www.thereportzone.it\/index.php?rest_route=%2Fwp%2Fv2%2Ftags&post=42784"}],"curies":[{"name":"wp","href":"https:\/\/api.w.org\/{rel}","templated":true}]}}