{"id":42259,"date":"2024-11-04T13:01:53","date_gmt":"2024-11-04T12:01:53","guid":{"rendered":"https:\/\/www.thereportzone.it\/?p=42259"},"modified":"2024-11-04T13:01:53","modified_gmt":"2024-11-04T12:01:53","slug":"falciano-onorato-il-monumento-ai-caduti-centinaia-di-alunni-nella-giornata-dellunita-nazionale-e-delle-forze-armate","status":"publish","type":"post","link":"https:\/\/www.thereportzone.it\/?p=42259","title":{"rendered":"FALCIANO &#8211; Onorato il Monumento ai caduti: centinaia di alunni nella Giornata dell\u2019Unit\u00e0 Nazionale e delle Forze Armate"},"content":{"rendered":"\r\n<figure class=\"wp-block-image aligncenter size-full\"><img fetchpriority=\"high\" decoding=\"async\" width=\"700\" height=\"700\" class=\"wp-image-38336 aligncenter\" src=\"https:\/\/thereportzone.it\/wp-content\/uploads\/2023\/03\/NUOVO-BANNER-NAVE.png\" alt=\"\" \/><\/figure>\r\n\r\n\r\n\r\n<p><img decoding=\"async\" class=\"aligncenter wp-image-39481 size-large\" src=\"https:\/\/www.thereportzone.it\/wp-content\/uploads\/2023\/08\/Family-1600x900-1-1024x576.jpg\" alt=\"\" width=\"640\" height=\"360\" srcset=\"https:\/\/www.thereportzone.it\/wp-content\/uploads\/2023\/08\/Family-1600x900-1-1024x576.jpg 1024w, https:\/\/www.thereportzone.it\/wp-content\/uploads\/2023\/08\/Family-1600x900-1-300x169.jpg 300w, https:\/\/www.thereportzone.it\/wp-content\/uploads\/2023\/08\/Family-1600x900-1-768x432.jpg 768w, https:\/\/www.thereportzone.it\/wp-content\/uploads\/2023\/08\/Family-1600x900-1-1536x864.jpg 1536w, https:\/\/www.thereportzone.it\/wp-content\/uploads\/2023\/08\/Family-1600x900-1.jpg 1600w\" sizes=\"(max-width: 640px) 100vw, 640px\" \/><\/p>\r\n<p>&nbsp;<\/p>\r\n\r\n\r\n\r\n<p>Celebrata la giornata dedicata all&#8217;unit\u00e0 Nazionale e alle forze armate. Davanti al monumento dei caduti su corso Garibaldi il primo cittadino Ing. Giovanni Erasmo Fava ha deposto la corona d&#8217;alloro per onorare i caduti in guerra. <\/p>\r\n<p>&nbsp;<\/p>\r\n<p>Presenti all&#8217;evento oltre ai rappresentanti dell&#8217;amministrazione comunale, le forze dell&#8217;ordine e gli alunni della scuola elementare. Diversi i cittadini presenti alla manifestazione. Il sindaco ha voluto ricordare la scomparsa del gi\u00e0 sindaco di Falciano Raffaele Papa per la quale \u00e8 stata disposta ordinanza di lutto cittadino della quale vi parleremo pi\u00f9 approfonditamente in un ulteriore articolo.\u00a0<br \/><br \/><img decoding=\"async\" class=\"aligncenter wp-image-42263 size-full\" src=\"https:\/\/www.thereportzone.it\/wp-content\/uploads\/2024\/11\/9adaa28d-a2f7-43a4-9d91-25936f6dea4a.jpeg\" alt=\"\" width=\"1463\" height=\"2048\" srcset=\"https:\/\/www.thereportzone.it\/wp-content\/uploads\/2024\/11\/9adaa28d-a2f7-43a4-9d91-25936f6dea4a.jpeg 1463w, https:\/\/www.thereportzone.it\/wp-content\/uploads\/2024\/11\/9adaa28d-a2f7-43a4-9d91-25936f6dea4a-214x300.jpeg 214w, https:\/\/www.thereportzone.it\/wp-content\/uploads\/2024\/11\/9adaa28d-a2f7-43a4-9d91-25936f6dea4a-732x1024.jpeg 732w, https:\/\/www.thereportzone.it\/wp-content\/uploads\/2024\/11\/9adaa28d-a2f7-43a4-9d91-25936f6dea4a-768x1075.jpeg 768w, https:\/\/www.thereportzone.it\/wp-content\/uploads\/2024\/11\/9adaa28d-a2f7-43a4-9d91-25936f6dea4a-1097x1536.jpeg 1097w, https:\/\/www.thereportzone.it\/wp-content\/uploads\/2024\/11\/9adaa28d-a2f7-43a4-9d91-25936f6dea4a-1024x1433.jpeg 1024w\" sizes=\"(max-width: 1463px) 100vw, 1463px\" \/><br \/><br \/><\/p>\r\n<p><img loading=\"lazy\" decoding=\"async\" class=\"aligncenter wp-image-42261 size-full\" src=\"https:\/\/www.thereportzone.it\/wp-content\/uploads\/2024\/11\/c60c90fe-f07a-4d51-9cc1-5d782821066f.jpeg\" alt=\"\" width=\"1536\" height=\"2048\" srcset=\"https:\/\/www.thereportzone.it\/wp-content\/uploads\/2024\/11\/c60c90fe-f07a-4d51-9cc1-5d782821066f.jpeg 1536w, https:\/\/www.thereportzone.it\/wp-content\/uploads\/2024\/11\/c60c90fe-f07a-4d51-9cc1-5d782821066f-225x300.jpeg 225w, https:\/\/www.thereportzone.it\/wp-content\/uploads\/2024\/11\/c60c90fe-f07a-4d51-9cc1-5d782821066f-768x1024.jpeg 768w, https:\/\/www.thereportzone.it\/wp-content\/uploads\/2024\/11\/c60c90fe-f07a-4d51-9cc1-5d782821066f-1152x1536.jpeg 1152w, https:\/\/www.thereportzone.it\/wp-content\/uploads\/2024\/11\/c60c90fe-f07a-4d51-9cc1-5d782821066f-1024x1365.jpeg 1024w\" sizes=\"(max-width: 1536px) 100vw, 1536px\" \/><\/p>\r\n<p><img loading=\"lazy\" decoding=\"async\" class=\"aligncenter wp-image-42260 size-full\" src=\"https:\/\/www.thereportzone.it\/wp-content\/uploads\/2024\/11\/23aaa307-cd09-4cf6-ba33-0e7272b72d7b.jpeg\" alt=\"\" width=\"2048\" height=\"1536\" srcset=\"https:\/\/www.thereportzone.it\/wp-content\/uploads\/2024\/11\/23aaa307-cd09-4cf6-ba33-0e7272b72d7b.jpeg 2048w, https:\/\/www.thereportzone.it\/wp-content\/uploads\/2024\/11\/23aaa307-cd09-4cf6-ba33-0e7272b72d7b-300x225.jpeg 300w, https:\/\/www.thereportzone.it\/wp-content\/uploads\/2024\/11\/23aaa307-cd09-4cf6-ba33-0e7272b72d7b-1024x768.jpeg 1024w, https:\/\/www.thereportzone.it\/wp-content\/uploads\/2024\/11\/23aaa307-cd09-4cf6-ba33-0e7272b72d7b-768x576.jpeg 768w, https:\/\/www.thereportzone.it\/wp-content\/uploads\/2024\/11\/23aaa307-cd09-4cf6-ba33-0e7272b72d7b-1536x1152.jpeg 1536w\" sizes=\"(max-width: 2048px) 100vw, 2048px\" \/><\/p>\r\n\r\n\r\n\r\n<h2 class=\"wp-block-heading has-text-align-center\" style=\"text-align: center;\">TIENITI AGGIORNATO SULLE NOTIZIE DELLA CITTA&#8217;, CLICCA SUL LOGO QUI SOTTO E SEGUI LA PAGINA &#8220;QUESTO E&#8217; MONDRAGONE&#8221;<\/h2>\r\n\r\n\r\n\r\n<figure class=\"wp-block-image aligncenter size-large\"><a href=\"https:\/\/www.facebook.com\/QUESTOEMONDRAGONE\"><img loading=\"lazy\" decoding=\"async\" class=\"aligncenter wp-image-38777\" src=\"https:\/\/thereportzone.it\/wp-content\/uploads\/2023\/06\/LOGO-QUESTO-E-MONDRAGONE-1024x923.jpg\" alt=\"\" width=\"1024\" height=\"923\" srcset=\"https:\/\/www.thereportzone.it\/wp-content\/uploads\/2023\/06\/LOGO-QUESTO-E-MONDRAGONE-1024x923.jpg 1024w, https:\/\/www.thereportzone.it\/wp-content\/uploads\/2023\/06\/LOGO-QUESTO-E-MONDRAGONE-300x271.jpg 300w, https:\/\/www.thereportzone.it\/wp-content\/uploads\/2023\/06\/LOGO-QUESTO-E-MONDRAGONE-768x693.jpg 768w, https:\/\/www.thereportzone.it\/wp-content\/uploads\/2023\/06\/LOGO-QUESTO-E-MONDRAGONE.jpg 1170w\" sizes=\"(max-width: 1024px) 100vw, 1024px\" \/><\/a><\/figure>\r\n","protected":false},"excerpt":{"rendered":"<p>&nbsp; Celebrata la giornata dedicata all&#8217;unit\u00e0 Nazionale e alle forze armate. Davanti al monumento dei caduti su corso<\/p>\n","protected":false},"author":2,"featured_media":42264,"comment_status":"closed","ping_status":"closed","sticky":false,"template":"","format":"image","meta":{"sfsi_plus_gutenberg_text_before_share":"","sfsi_plus_gutenberg_show_text_before_share":"","sfsi_plus_gutenberg_icon_type":"","sfsi_plus_gutenberg_icon_alignemt":"","sfsi_plus_gutenburg_max_per_row":"","footnotes":""},"categories":[8,4],"tags":[],"class_list":["post-42259","post","type-post","status-publish","format-image","has-post-thumbnail","hentry","category-cronaca","category-falciano","post_format-post-format-image"],"_links":{"self":[{"href":"https:\/\/www.thereportzone.it\/index.php?rest_route=\/wp\/v2\/posts\/42259"}],"collection":[{"href":"https:\/\/www.thereportzone.it\/index.php?rest_route=\/wp\/v2\/posts"}],"about":[{"href":"https:\/\/www.thereportzone.it\/index.php?rest_route=\/wp\/v2\/types\/post"}],"author":[{"embeddable":true,"href":"https:\/\/www.thereportzone.it\/index.php?rest_route=\/wp\/v2\/users\/2"}],"replies":[{"embeddable":true,"href":"https:\/\/www.thereportzone.it\/index.php?rest_route=%2Fwp%2Fv2%2Fcomments&post=42259"}],"version-history":[{"count":1,"href":"https:\/\/www.thereportzone.it\/index.php?rest_route=\/wp\/v2\/posts\/42259\/revisions"}],"predecessor-version":[{"id":42265,"href":"https:\/\/www.thereportzone.it\/index.php?rest_route=\/wp\/v2\/posts\/42259\/revisions\/42265"}],"wp:featuredmedia":[{"embeddable":true,"href":"https:\/\/www.thereportzone.it\/index.php?rest_route=\/wp\/v2\/media\/42264"}],"wp:attachment":[{"href":"https:\/\/www.thereportzone.it\/index.php?rest_route=%2Fwp%2Fv2%2Fmedia&parent=42259"}],"wp:term":[{"taxonomy":"category","embeddable":true,"href":"https:\/\/www.thereportzone.it\/index.php?rest_route=%2Fwp%2Fv2%2Fcategories&post=42259"},{"taxonomy":"post_tag","embeddable":true,"href":"https:\/\/www.thereportzone.it\/index.php?rest_route=%2Fwp%2Fv2%2Ftags&post=42259"}],"curies":[{"name":"wp","href":"https:\/\/api.w.org\/{rel}","templated":true}]}}