{"id":41892,"date":"2024-08-25T16:36:51","date_gmt":"2024-08-25T14:36:51","guid":{"rendered":"https:\/\/www.thereportzone.it\/?p=41892"},"modified":"2024-08-25T16:36:51","modified_gmt":"2024-08-25T14:36:51","slug":"falciano-sgomento-per-la-morte-di-pasquale-maddalena-paese-in-lutto-lamministrazione-si-accollera-le-spese-dei-funerali","status":"publish","type":"post","link":"https:\/\/www.thereportzone.it\/?p=41892","title":{"rendered":"FALCIANO &#8211; Sgomento per la morte di Pasquale Maddalena, paese in lutto: l\u2019amministrazione si accoller\u00e0 le spese dei funerali"},"content":{"rendered":"\r\n<figure class=\"wp-block-image aligncenter size-full\"><img fetchpriority=\"high\" decoding=\"async\" width=\"700\" height=\"700\" class=\"wp-image-38336 aligncenter\" src=\"https:\/\/thereportzone.it\/wp-content\/uploads\/2023\/03\/NUOVO-BANNER-NAVE.png\" alt=\"\" \/><\/figure>\r\n\r\n\r\n\r\n<p><img decoding=\"async\" class=\"aligncenter wp-image-39481 size-large\" src=\"https:\/\/www.thereportzone.it\/wp-content\/uploads\/2023\/08\/Family-1600x900-1-1024x576.jpg\" alt=\"\" width=\"640\" height=\"360\" srcset=\"https:\/\/www.thereportzone.it\/wp-content\/uploads\/2023\/08\/Family-1600x900-1-1024x576.jpg 1024w, https:\/\/www.thereportzone.it\/wp-content\/uploads\/2023\/08\/Family-1600x900-1-300x169.jpg 300w, https:\/\/www.thereportzone.it\/wp-content\/uploads\/2023\/08\/Family-1600x900-1-768x432.jpg 768w, https:\/\/www.thereportzone.it\/wp-content\/uploads\/2023\/08\/Family-1600x900-1-1536x864.jpg 1536w, https:\/\/www.thereportzone.it\/wp-content\/uploads\/2023\/08\/Family-1600x900-1.jpg 1600w\" sizes=\"(max-width: 640px) 100vw, 640px\" \/><\/p>\r\n\r\n\r\n\r\n<p>&nbsp;<\/p>\r\n<p style=\"text-align: center;\"><strong>FALCIANO &#8211; Sgomento per la morte di Pasquale Maddalena, paese in lutto: l\u2019amministrazione si accoller\u00e0 le spese dei funerali<\/strong><\/p>\r\n<p><br \/>Sgomento in paese per la morte di Pasquale Maddalena. Persona molto conosciuta e voluta bene in paese. <\/p>\r\n<p>Passione per la musica ed il canto, conosciuto, per questo, anche come \u201cPasquale Vasco\u201d. Una notizia che ha gettato nello sconforto il paese a partire dalle prime ore di questa mattina.<\/p>\r\n<p>&nbsp;<\/p>\r\n<p>Una situazione, la sua, difficile gi\u00e0 da tempo. Bisognoso di cura ed assistenza, con diversi problemi di salute, l\u2019amministrazione comunale aveva gi\u00e0 attivato i servizi sociali per tutte le necessit\u00e0, gi\u00e0 da qualche tempo. Stesso discorso anche per una sua familiare.<\/p>\r\n<p>&nbsp;<\/p>\r\n<p>Adesso, alla luce dei fatti delle ultime ore, l\u2019amministrazione comunale fa sapere che, anche in questo triste contesto, come \u00e8 avvenuto in altri casi, non far\u00e0 mancare il dovuto supporto e si \u00e8 attivata per le spese funebri necessarie a dare a Pasquale la degna sepoltura che merita.<\/p>\r\n\r\n\r\n\r\n<h2 class=\"wp-block-heading has-text-align-center\" style=\"text-align: center;\">TIENITI AGGIORNATO SULLE NOTIZIE DELLA CITTA&#8217;, CLICCA SUL LOGO QUI SOTTO E SEGUI LA PAGINA &#8220;QUESTO E&#8217; MONDRAGONE&#8221;<\/h2>\r\n\r\n\r\n\r\n<figure class=\"wp-block-image aligncenter size-large\"><a href=\"https:\/\/www.facebook.com\/QUESTOEMONDRAGONE\"><img decoding=\"async\" class=\"aligncenter wp-image-38777\" src=\"https:\/\/thereportzone.it\/wp-content\/uploads\/2023\/06\/LOGO-QUESTO-E-MONDRAGONE-1024x923.jpg\" alt=\"\" width=\"1024\" height=\"923\" srcset=\"https:\/\/www.thereportzone.it\/wp-content\/uploads\/2023\/06\/LOGO-QUESTO-E-MONDRAGONE-1024x923.jpg 1024w, https:\/\/www.thereportzone.it\/wp-content\/uploads\/2023\/06\/LOGO-QUESTO-E-MONDRAGONE-300x271.jpg 300w, https:\/\/www.thereportzone.it\/wp-content\/uploads\/2023\/06\/LOGO-QUESTO-E-MONDRAGONE-768x693.jpg 768w, https:\/\/www.thereportzone.it\/wp-content\/uploads\/2023\/06\/LOGO-QUESTO-E-MONDRAGONE.jpg 1170w\" sizes=\"(max-width: 1024px) 100vw, 1024px\" \/><\/a><\/figure>\r\n","protected":false},"excerpt":{"rendered":"<p>&nbsp; FALCIANO &#8211; Sgomento per la morte di Pasquale Maddalena, paese in lutto: l\u2019amministrazione si accoller\u00e0 le spese<\/p>\n","protected":false},"author":2,"featured_media":41893,"comment_status":"closed","ping_status":"closed","sticky":false,"template":"","format":"image","meta":{"sfsi_plus_gutenberg_text_before_share":"","sfsi_plus_gutenberg_show_text_before_share":"","sfsi_plus_gutenberg_icon_type":"","sfsi_plus_gutenberg_icon_alignemt":"","sfsi_plus_gutenburg_max_per_row":"","footnotes":""},"categories":[8,4],"tags":[],"class_list":["post-41892","post","type-post","status-publish","format-image","has-post-thumbnail","hentry","category-cronaca","category-falciano","post_format-post-format-image"],"_links":{"self":[{"href":"https:\/\/www.thereportzone.it\/index.php?rest_route=\/wp\/v2\/posts\/41892"}],"collection":[{"href":"https:\/\/www.thereportzone.it\/index.php?rest_route=\/wp\/v2\/posts"}],"about":[{"href":"https:\/\/www.thereportzone.it\/index.php?rest_route=\/wp\/v2\/types\/post"}],"author":[{"embeddable":true,"href":"https:\/\/www.thereportzone.it\/index.php?rest_route=\/wp\/v2\/users\/2"}],"replies":[{"embeddable":true,"href":"https:\/\/www.thereportzone.it\/index.php?rest_route=%2Fwp%2Fv2%2Fcomments&post=41892"}],"version-history":[{"count":1,"href":"https:\/\/www.thereportzone.it\/index.php?rest_route=\/wp\/v2\/posts\/41892\/revisions"}],"predecessor-version":[{"id":41894,"href":"https:\/\/www.thereportzone.it\/index.php?rest_route=\/wp\/v2\/posts\/41892\/revisions\/41894"}],"wp:featuredmedia":[{"embeddable":true,"href":"https:\/\/www.thereportzone.it\/index.php?rest_route=\/wp\/v2\/media\/41893"}],"wp:attachment":[{"href":"https:\/\/www.thereportzone.it\/index.php?rest_route=%2Fwp%2Fv2%2Fmedia&parent=41892"}],"wp:term":[{"taxonomy":"category","embeddable":true,"href":"https:\/\/www.thereportzone.it\/index.php?rest_route=%2Fwp%2Fv2%2Fcategories&post=41892"},{"taxonomy":"post_tag","embeddable":true,"href":"https:\/\/www.thereportzone.it\/index.php?rest_route=%2Fwp%2Fv2%2Ftags&post=41892"}],"curies":[{"name":"wp","href":"https:\/\/api.w.org\/{rel}","templated":true}]}}