{"id":4173,"date":"2015-12-18T08:23:53","date_gmt":"2015-12-18T08:23:53","guid":{"rendered":"http:\/\/www.thereportzone.it\/?p=4173"},"modified":"2015-12-18T08:23:53","modified_gmt":"2015-12-18T08:23:53","slug":"parcheggio-interrato-piazza-de-benedectis-arriva-linaugurazione","status":"publish","type":"post","link":"https:\/\/www.thereportzone.it\/?p=4173","title":{"rendered":"Parcheggio interrato Piazza De Benedectis: arriva l&#8217;inaugurazione"},"content":{"rendered":"<p><strong>18 Dicembre 2015 &#8211; Piedimonte Matese.<\/strong>\u00a0A Piedimonte Matese manca ormai pochissimo all\u2019inaugurazione di quella che \u00e8 la pi\u00f9 grande opera pubblica degli ultimi anni: questa domenica, 20 dicembre, l\u2019Amministrazione Comunale retta dal sindaco Vincenzo Cappello restituir\u00e0 alla comunit\u00e0 un pezzo di citt\u00e0 di cui era stata privata quasi dieci anni fa, quello di piazza De Benedictis e del contiguo oratorio parrocchiale di Santa Maria Maggiore, tenuti \u201cin ostaggio\u201d da quando nel 2006 prese avvio il cantiere per il parcheggio interrato. Un\u2019area rimasta a lungo chiusa tra mura di lamiere, che solo negli ultimi tempi, con i lavori giunti alle ultime battute, ha potuto liberarsi e mostrare i risultati degli interventi che hanno realizzato il parcheggio nel sottosuolo, ma anche edificato in superficie una nuova ed elegante piazzetta e, di fianco, i rinati spazi aperti dell\u2019oratorio.<br \/>\nDopo anni di lungaggini burocratiche che hanno dilatato sin troppo i tempi di realizzazione, Piedimonte si prepara cos\u00ec a riavere in piena fruibilit\u00e0 un piacevole spazio che si candida ad essere punto aggregativo per giovani e famiglie, un luogo di ritrovo dotato di aiuole e una fontana con al centro una riproduzione in gande scala del Corridore del Cila, antica statuetta sannita custodita al Museo Civico.<br \/>\nAncora pi\u00f9 importante, per\u00f2, sar\u00e0 la restituzione a tutti i giovani dell\u2019oratorio parrocchiale dei luoghi esterni, di cui non hanno potuto usufruire per molto tempo. I lavori, in queste ultime ore, si stanno concentrando proprio sul perfezionamento delle pavimentazioni e sugli ultimi finimenti ai manufatti. Il sindaco Vincenzo Cappello e l\u2019Amministrazione invitano perci\u00f2 tutta la cittadinanza a partecipare all\u2019evento inaugurale di domenica mattina.<\/p>\n","protected":false},"excerpt":{"rendered":"<p>18 Dicembre 2015 &#8211; Piedimonte Matese.\u00a0A Piedimonte Matese manca ormai pochissimo all\u2019inaugurazione di quella che \u00e8 la pi\u00f9<\/p>\n","protected":false},"author":2,"featured_media":0,"comment_status":"closed","ping_status":"closed","sticky":false,"template":"","format":"standard","meta":{"sfsi_plus_gutenberg_text_before_share":"","sfsi_plus_gutenberg_show_text_before_share":"","sfsi_plus_gutenberg_icon_type":"","sfsi_plus_gutenberg_icon_alignemt":"","sfsi_plus_gutenburg_max_per_row":"","footnotes":""},"categories":[9],"tags":[4166,4167,974,1722],"class_list":["post-4173","post","type-post","status-publish","format-standard","hentry","category-politica","tag-inaugurazione-parcheggio-piedimonte","tag-parcheggio-de-benedectis-piedimonte","tag-piedimonte-matese","tag-sindaco-cappello"],"_links":{"self":[{"href":"https:\/\/www.thereportzone.it\/index.php?rest_route=\/wp\/v2\/posts\/4173"}],"collection":[{"href":"https:\/\/www.thereportzone.it\/index.php?rest_route=\/wp\/v2\/posts"}],"about":[{"href":"https:\/\/www.thereportzone.it\/index.php?rest_route=\/wp\/v2\/types\/post"}],"author":[{"embeddable":true,"href":"https:\/\/www.thereportzone.it\/index.php?rest_route=\/wp\/v2\/users\/2"}],"replies":[{"embeddable":true,"href":"https:\/\/www.thereportzone.it\/index.php?rest_route=%2Fwp%2Fv2%2Fcomments&post=4173"}],"version-history":[{"count":0,"href":"https:\/\/www.thereportzone.it\/index.php?rest_route=\/wp\/v2\/posts\/4173\/revisions"}],"wp:attachment":[{"href":"https:\/\/www.thereportzone.it\/index.php?rest_route=%2Fwp%2Fv2%2Fmedia&parent=4173"}],"wp:term":[{"taxonomy":"category","embeddable":true,"href":"https:\/\/www.thereportzone.it\/index.php?rest_route=%2Fwp%2Fv2%2Fcategories&post=4173"},{"taxonomy":"post_tag","embeddable":true,"href":"https:\/\/www.thereportzone.it\/index.php?rest_route=%2Fwp%2Fv2%2Ftags&post=4173"}],"curies":[{"name":"wp","href":"https:\/\/api.w.org\/{rel}","templated":true}]}}