{"id":41504,"date":"2024-06-17T08:58:51","date_gmt":"2024-06-17T06:58:51","guid":{"rendered":"https:\/\/thereportzone.it\/?p=41504"},"modified":"2024-06-17T08:58:59","modified_gmt":"2024-06-17T06:58:59","slug":"leditoriale-fervono-i-preparativi-per-la-nuova-stagione-calcistica-del-napoli-impazza-il-calciomercato","status":"publish","type":"post","link":"https:\/\/www.thereportzone.it\/?p=41504","title":{"rendered":"L\u2019EDITORIALE &#8211; Fervono i preparativi per la nuova stagione calcistica del Napoli, impazza il calciomercato"},"content":{"rendered":"\n<figure class=\"wp-block-image aligncenter size-full\"><img fetchpriority=\"high\" decoding=\"async\" width=\"700\" height=\"700\" src=\"https:\/\/thereportzone.it\/wp-content\/uploads\/2023\/03\/NUOVO-BANNER-NAVE.png\" alt=\"\" class=\"wp-image-38336\"\/><\/figure>\n\n\n\n<p>(<em><strong>Editoriale a cura di Lello Santoro<\/strong><\/em>) Fervono i preparativi per la nuova stagione calcistica del Napoli : Intanto impazza il calciomercato.<\/p>\n\n\n\n<p>Nel precedente editoriale avevo parlato di quelle che sarebbero state le dichiarazioni riguardo il futuro calcistico di Giovanni Di Lorenzo, capitano della nostra squadra del cuore. <br><\/p>\n\n\n\n<p><\/p>\n\n\n\n<p>Si ipotizzava che poteva andare a giocare altrove. A quanto pare potrebbe non essere cos\u00ec. Vedremo. Proseguono le varie trattative per capire chi vestir\u00e0 la maglia azzurra. \u00c8 prematuro sapere chi arriver\u00e0 e chi andr\u00e0 via. <\/p>\n\n\n\n<p><\/p>\n\n\n\n<p>Sembra che il nostro amato presidente abbia cambiato il suo modus operandi e per ora sta ponendo le sue attenzioni sul nuovo centro tecnico, mentre Conte ed il suo staff unitamente al DS Manna si stanno appunto occupando di formare una rosa di calciatori all&#8217;altezza della nostra immensa passione per i colori azzurri partenopei. <\/p>\n\n\n\n<p><\/p>\n\n\n\n<p>Nel mentre, i vari tifosetti d&#8217;albo d&#8217;oro, per deviare l&#8217;attenzione mediatica dalle gravi irregolarit\u00e0(dal punto di vista sportivo) che si sono commesse negli ultimi anni e che vedono coinvolti vari club cosiddetti blasonati, si interessano di cosa fanno i nostri dirigenti e sono pronti a criticare. <\/p>\n\n\n\n<p><\/p>\n\n\n\n<p>Non attendono altro che un flop. Un aspetto ridicolo e immorale. Per alcuni anche non proprio corretto (deontologicamente parlando, per chi \u00e8 giornalista ). Ma questo \u00e8 un aspetto ed una mia personale opinione. <\/p>\n\n\n\n<p><\/p>\n\n\n\n<p>Non torner\u00f2 pi\u00f9 su tale aspetto in quanto darei troppa ed immeritata importanza a queste persone. Dobbiamo essere superiori e lo siamo certamente. <br><\/p>\n\n\n\n<p><\/p>\n\n\n\n<p>Quindi ricapitolando :il prossimo editoriale presumibilmente lo scriver\u00f2 dopo il 26 giugno, data che \u00e8 stata indicata dai vari quotidiani nazionali come presentazione di Antonio Conte nei locali di Palazzo Reale. Ed il mio dogma non cambia di una virgola: FORZA NAPOLI SEMPRE.<\/p>\n\n\n\n<p><\/p>\n\n\n\n<h2 class=\"wp-block-heading has-text-align-center\">TIENITI AGGIORNATO SULLE NOTIZIE DELLA CITTA&#8217;, CLICCA SUL LOGO QUI SOTTO E SEGUI LA PAGINA &#8220;QUESTO E&#8217; MONDRAGONE&#8221;<\/h2>\n\n\n\n<figure class=\"wp-block-image aligncenter size-large\"><a href=\"https:\/\/www.facebook.com\/QUESTOEMONDRAGONE\"><img decoding=\"async\" width=\"1024\" height=\"923\" src=\"https:\/\/thereportzone.it\/wp-content\/uploads\/2023\/06\/LOGO-QUESTO-E-MONDRAGONE-1024x923.jpg\" alt=\"\" class=\"wp-image-38777\" srcset=\"https:\/\/www.thereportzone.it\/wp-content\/uploads\/2023\/06\/LOGO-QUESTO-E-MONDRAGONE-1024x923.jpg 1024w, https:\/\/www.thereportzone.it\/wp-content\/uploads\/2023\/06\/LOGO-QUESTO-E-MONDRAGONE-300x271.jpg 300w, https:\/\/www.thereportzone.it\/wp-content\/uploads\/2023\/06\/LOGO-QUESTO-E-MONDRAGONE-768x693.jpg 768w, https:\/\/www.thereportzone.it\/wp-content\/uploads\/2023\/06\/LOGO-QUESTO-E-MONDRAGONE.jpg 1170w\" sizes=\"(max-width: 1024px) 100vw, 1024px\" \/><\/a><\/figure>\n","protected":false},"excerpt":{"rendered":"<p>(Editoriale a cura di Lello Santoro) Fervono i preparativi per la nuova stagione calcistica del Napoli : Intanto<\/p>\n","protected":false},"author":2,"featured_media":41456,"comment_status":"closed","ping_status":"closed","sticky":false,"template":"","format":"image","meta":{"sfsi_plus_gutenberg_text_before_share":"","sfsi_plus_gutenberg_show_text_before_share":"","sfsi_plus_gutenberg_icon_type":"","sfsi_plus_gutenberg_icon_alignemt":"","sfsi_plus_gutenburg_max_per_row":"","footnotes":""},"categories":[8,4,11],"tags":[],"class_list":["post-41504","post","type-post","status-publish","format-image","has-post-thumbnail","hentry","category-cronaca","category-falciano","category-sport","post_format-post-format-image"],"_links":{"self":[{"href":"https:\/\/www.thereportzone.it\/index.php?rest_route=\/wp\/v2\/posts\/41504"}],"collection":[{"href":"https:\/\/www.thereportzone.it\/index.php?rest_route=\/wp\/v2\/posts"}],"about":[{"href":"https:\/\/www.thereportzone.it\/index.php?rest_route=\/wp\/v2\/types\/post"}],"author":[{"embeddable":true,"href":"https:\/\/www.thereportzone.it\/index.php?rest_route=\/wp\/v2\/users\/2"}],"replies":[{"embeddable":true,"href":"https:\/\/www.thereportzone.it\/index.php?rest_route=%2Fwp%2Fv2%2Fcomments&post=41504"}],"version-history":[{"count":1,"href":"https:\/\/www.thereportzone.it\/index.php?rest_route=\/wp\/v2\/posts\/41504\/revisions"}],"predecessor-version":[{"id":41505,"href":"https:\/\/www.thereportzone.it\/index.php?rest_route=\/wp\/v2\/posts\/41504\/revisions\/41505"}],"wp:featuredmedia":[{"embeddable":true,"href":"https:\/\/www.thereportzone.it\/index.php?rest_route=\/wp\/v2\/media\/41456"}],"wp:attachment":[{"href":"https:\/\/www.thereportzone.it\/index.php?rest_route=%2Fwp%2Fv2%2Fmedia&parent=41504"}],"wp:term":[{"taxonomy":"category","embeddable":true,"href":"https:\/\/www.thereportzone.it\/index.php?rest_route=%2Fwp%2Fv2%2Fcategories&post=41504"},{"taxonomy":"post_tag","embeddable":true,"href":"https:\/\/www.thereportzone.it\/index.php?rest_route=%2Fwp%2Fv2%2Ftags&post=41504"}],"curies":[{"name":"wp","href":"https:\/\/api.w.org\/{rel}","templated":true}]}}